{"id":8542,"date":"2022-05-16T14:31:30","date_gmt":"2022-05-16T14:31:30","guid":{"rendered":"https:\/\/congokin.blog\/?p=8542"},"modified":"2022-05-16T14:31:30","modified_gmt":"2022-05-16T14:31:30","slug":"fayulu-matata-qui-seffacera-au-profit-de-qui-en-cas-dunion-%ef%bf%bc","status":"publish","type":"post","link":"https:\/\/congokin.blog\/?p=8542","title":{"rendered":"Fayulu-Matata : Qui s&rsquo;effacera au profit de qui en cas d&rsquo;union ?\ufffc"},"content":{"rendered":"\n<h1 class=\"wp-block-heading\">Fayulu-Matata : Qui s&rsquo;effacera au profit de qui en cas d&rsquo;union ?<\/h1>\n\n\n\n<p>16.05.2022,<a href=\"https:\/\/www.mediacongo.net\/articles-actualite-0_.html\"><\/a><\/p>\n\n\n\n<figure class=\"wp-block-image\"><img decoding=\"async\" src=\"https:\/\/www.mediacongo.net\/cache\/matata-fayulu-election-2023_jpg_640_350_1.jpeg\" alt=\"-\"\/><\/figure>\n\n\n\n<p><strong>Tout porte \u00e0 croire que \u00e7a va bouger dans tous les sens, d\u2019ici aux \u00e9lections.<\/strong><\/p>\n\n\n\n<p>Le principal opposant au r\u00e9gime de F\u00e9lix Tshisekedi, Martin Fayulu et l\u2019ancien Premier ministre, Augustin Matata Ponyo se sont parl\u00e9s. Un t\u00eate-\u00e0-t\u00eate hier \u00e0 Kinshasa, diversement comment\u00e9 dans diff\u00e9rentes plateformes des r\u00e9seaux sociaux. Des internautes congolais d\u2019ici et d\u2019ailleurs, y sont all\u00e9s de leurs lectures. Normal, dans la mesure o\u00f9 c\u2019est la premi\u00e8re fois que les deux hommes se rencontrent pour, officiellement, passer&nbsp;au scanner, la situation globale de la RD Congo sous l\u2019\u00e8re Fatshi.<\/p>\n\n\n\n<p>\u00ab&nbsp;Le Pr\u00e9sident national du LGD (Leadership et Gouvernance pour le D\u00e9veloppement), Matata Ponyo, a rencontr\u00e9 hier mercredi 11 mai Martin Fayulu, l\u2019une des figures embl\u00e9matiques de l\u2019opposition congolaise. Pendant pr\u00e8s de 2 heures d\u2019\u00e9changes, les deux personnalit\u00e9s ont fait le tour d\u2019horizon des questions li\u00e9es au bloc de l\u2019opposition en RD Congo&nbsp;\u00bb, peut-on lire sur le compte officiel Twitter, du parti cher \u00e0 l\u2019ancien Premier ministre, \u00e9lu s\u00e9nateur lors de l\u2019\u00e9lection de 2019.<\/p>\n\n\n\n<p>A la presse qui l\u2019a interrog\u00e9 au sortir de sa rencontre avec Martin Fayulu, pour chercher \u00e0 savoir ce qu\u2019ils se sont dits, Augustin Matata, souriant, a r\u00e9pondu protocolairement : \u00ab&nbsp;Nous avons fait le tour d\u2019horizon de la situation politique et s\u00e9curitaire du pays (\u2026) Nous avons pass\u00e9 en revue les questions de fond de la situation g\u00e9n\u00e9rale du pays\u00ab&nbsp;.&nbsp;<\/p>\n\n\n\n<p><strong>VERS UN BIG BANG AU SEIN DE L\u2019OPPOSITION ?<\/strong><\/p>\n\n\n\n<figure class=\"wp-block-image\"><img decoding=\"async\" src=\"https:\/\/www.mediacongo.net\/dpics\/filesmanager\/actualite\/2022_actu\/05-mai\/16-22\/Matata-Election-Fayulu.jpg\" alt=\"\"\/><\/figure>\n\n\n\n<p>On ne saurait lire autrement&nbsp; la rencontre Fayulu -Matata, sans la situer dans le contexte d\u2019actualit\u00e9 du pays. A en juger par les pr\u00e9misses, des analystes avertis se demandent le t\u00eate-\u00e0-t\u00eate entre les deux acteurs politiques n\u2019est pas la fameuse hirondelle qui annonce le printemps. Plus simplement, va-t-on vers un big bang au sein de l\u2019Opposition ? Tr\u00eave de supputations !<\/p>\n\n\n\n<p>Seulement voil\u00e0, le d\u00e9cryptage am\u00e8ne \u00e0 une \u00e9vidence. A savoir, la donne \u00e9lection qui parait d\u00e9sormais, une&nbsp; variable d\u00e9terminante dans les relations (circonstanci\u00e9es ?) des acteurs politiques. De l\u00e0, \u00e0 inf\u00e9rer que ca va bouger dans tous les sens, d\u2019ici aux \u00e9lections constitutionnellement pr\u00e9vues pour l\u2019ann\u00e9e prochaine, il n\u2019y donc qu\u2019un petit pas \u00e0 franchir.<\/p>\n\n\n\n<p>Les \u00e9lections, autant le souligner, sont ce qu\u2019est la saison des amours chez les animaux o\u00f9 chaque m\u00e2le cible sa partenaire. La&nbsp; m\u00e9taphore s\u2019arr\u00eate l\u00e0. Entendu que nul ne saurait pr\u00e9tendre gagner les \u00e9lections seul, l\u2019heure des alliances semble d\u00e9j\u00e0 avoir sonn\u00e9. Libre \u00e0 chaque acteur politique de choisir avec qui composer. Vu sous ce prisme \u00e9lectoral, le face-\u00e0-face d\u2019hier, entre Martin Fayulu, confort\u00e9 dans sa posture de Pr\u00e9sident \u00e9lu de l\u2019\u00e9lection du 31 d\u00e9cembre 2018 et Augustin Matata, s\u00e9nateur \u00e9lu du Maniema, n\u2019est pas \u00e0 classer dans le registre des faits anodins. Bien au contraire.<\/p>\n\n\n\n<p>Vu de nombreux analystes, si les deux acteurs ont d\u00e9cid\u00e9 de faire chorus en pr\u00e9vision de prochaines joutes \u00e9lectorales, ils pourront alors constituer un v\u00e9ritable bloc ferme en b\u00e9ton pour faire face \u00e0 \u00ab&nbsp;B\u00e9ton\u00ab&nbsp;, candidat unique et incontestable du camp adverse. Ici, parler de Martin Fayulu, n\u2019est \u00e0 la limite, qu\u2019une simple m\u00e9tonymie qui renvoie \u00e0 la plateforme Lamuka. On ne devrait pas non plus, minimiser l\u2019apport de toutes les autres forces politiques et sociales, r\u00e9unies au sein du&nbsp;\u00ab&nbsp;Bloc patriotique&nbsp;\u00bb.<\/p>\n\n\n\n<p><strong>QUI S\u2019EFFACERA AU PROFIT DE QUI ?<\/strong><\/p>\n\n\n\n<p>Quiconque lit entre les lignes, l\u2019offre politique actuelle de Lamkuka, principale plateforme de l\u2019opposition n\u00e9e en novembre 2018&nbsp; en Suisse, pourrait arriver \u00e0 la conclusion que Martin Fayulu r\u00e9cidivera en 2023. Autrement dit, c\u2019est lui le candidat naturel de l\u2019anti pouvoir \u00e0 la pr\u00e9sidentielle de 2023.<\/p>\n\n\n\n<p>En m\u00eame temps, ca se murmure autour de Moise Katumbi, leader du parti \u00ab&nbsp;Ensemble pour la r\u00e9publique\u00ab&nbsp;, connu aussi comme l\u2019un des signataires de l\u2019Acte fondateur de Lamuka en terres helv\u00e9tiques. M\u00eame si rien n\u2019est encore officiel, quant \u00e0 la candidature du chairman du prestigieux club lushois de football, ses partisans y croient fermement. A la seule difficult\u00e9 que Moise Katumbi semble entretenir un flou artistique, en ce qui concerne ses rapports avec l\u2019Union sacr\u00e9e de la nation, la nouvelle majorit\u00e9 parlementaire acquise \u00e0 l\u2019actuel Chef de l\u2019Etat, F\u00e9lix Tshisekedi.<\/p>\n\n\n\n<p>Cependant, au-del\u00e0 des \u00e9nigmes, Augustin Matata Ponyo (nouveau partenaire de Fayulu?), ne fait plus aucun myst\u00e8re sur ses ambitions de postuler \u00e0 la pr\u00e9sidentielle de 2023. En tout cas, le tout premier congr\u00e8s de son parti, tenu le 3 mai courant \u00e0 Kinshasa, l\u2019a doublement investi comme pr\u00e9sident national du LGD et candidat du parti \u00e0 la prochaine \u00e9lection pr\u00e9sidentielle.&nbsp;\u00ab&nbsp;Je vous informe avoir d\u00e9cid\u00e9 d\u2019accepter votre choix port\u00e9 sur ma modeste personne comme candidat de notre parti \u00e0 l\u2019\u00e9lection pr\u00e9sidentielle&nbsp;\u00bb, avait r\u00e9agi l\u2019homme \u00e0 la cravate rouge, dans son allocution de circonstance.<\/p>\n\n\n\n<p>Dans cette perspective des alliances, si Martin Fayulu et Augustin Matata ont d\u00e9cid\u00e9 de s\u2019unir, alors ils devront se mettre d\u2019accord sur le candidat unique de l\u2019opposition face \u00e0 F\u00e9lix Tshisekedi, candidat \u00e0 sa propre succession, port\u00e9 par l\u2019USN. Alors la question : qui de Fayulu et de Matata devra s\u2019effacer au profit de l\u2019autre ? Jusqu\u2019o\u00f9 irait leur projet de mariage ? Evidemment, au stade actuel des choses, il est pr\u00e9matur\u00e9 et m\u00eame tr\u00e8s hasardeux de pronostiquer. D\u00e8s lors que l\u2019inconnue actuelle participe \u00e0 la strat\u00e9gie interne, l\u2019opinion et les partisans de l\u2019opposition devraient encore prendre leur mal en patience.<strong>Grevisse Kabrel<br>Forum des As \/ MCP, via mediacongo.net<\/strong><\/p>\n<div style=\"text-align:center\" class=\"wps-pgfw-pdf-generate-icon__wrapper-frontend\">\n\t\t<a href=\"https:\/\/congokin.blog?action=genpdf&amp;id=8542\" class=\"pgfw-single-pdf-download-button\" ><img src=\"https:\/\/congokin.blog\/wp-content\/plugins\/pdf-generator-for-wp\/admin\/src\/images\/PDF_Tray.svg\" title=\"G\u00e9n\u00e9rer un PDF\" style=\"width:auto; height:45px;\"><\/a>\n\t\t<\/div>","protected":false},"excerpt":{"rendered":"<p>Fayulu-Matata : Qui s&rsquo;effacera au profit de qui en cas d&rsquo;union ? 16.05.2022, Tout porte \u00e0 croire que \u00e7a va bouger dans tous les sens, d\u2019ici aux \u00e9lections. Le principal opposant au r\u00e9gime de F\u00e9lix Tshisekedi, Martin Fayulu et l\u2019ancien Premier ministre, Augustin Matata Ponyo se sont parl\u00e9s. Un t\u00eate-\u00e0-t\u00eate hier \u00e0 Kinshasa, diversement comment\u00e9 [&hellip;]<\/p>\n","protected":false},"author":9,"featured_media":0,"comment_status":"open","ping_status":"closed","sticky":false,"template":"","format":"standard","meta":{"footnotes":""},"categories":[7,8],"tags":[],"class_list":["post-8542","post","type-post","status-publish","format-standard","hentry","category-politique","category-societe"],"_links":{"self":[{"href":"https:\/\/congokin.blog\/index.php?rest_route=\/wp\/v2\/posts\/8542","targetHints":{"allow":["GET"]}}],"collection":[{"href":"https:\/\/congokin.blog\/index.php?rest_route=\/wp\/v2\/posts"}],"about":[{"href":"https:\/\/congokin.blog\/index.php?rest_route=\/wp\/v2\/types\/post"}],"author":[{"embeddable":true,"href":"https:\/\/congokin.blog\/index.php?rest_route=\/wp\/v2\/users\/9"}],"replies":[{"embeddable":true,"href":"https:\/\/congokin.blog\/index.php?rest_route=%2Fwp%2Fv2%2Fcomments&post=8542"}],"version-history":[{"count":1,"href":"https:\/\/congokin.blog\/index.php?rest_route=\/wp\/v2\/posts\/8542\/revisions"}],"predecessor-version":[{"id":8543,"href":"https:\/\/congokin.blog\/index.php?rest_route=\/wp\/v2\/posts\/8542\/revisions\/8543"}],"wp:attachment":[{"href":"https:\/\/congokin.blog\/index.php?rest_route=%2Fwp%2Fv2%2Fmedia&parent=8542"}],"wp:term":[{"taxonomy":"category","embeddable":true,"href":"https:\/\/congokin.blog\/index.php?rest_route=%2Fwp%2Fv2%2Fcategories&post=8542"},{"taxonomy":"post_tag","embeddable":true,"href":"https:\/\/congokin.blog\/index.php?rest_route=%2Fwp%2Fv2%2Ftags&post=8542"}],"curies":[{"name":"wp","href":"https:\/\/api.w.org\/{rel}","templated":true}]}}