{"id":8559,"date":"2022-05-17T22:24:32","date_gmt":"2022-05-17T22:24:32","guid":{"rendered":"https:\/\/congokin.blog\/?p=8559"},"modified":"2022-05-17T22:24:33","modified_gmt":"2022-05-17T22:24:33","slug":"il-y-a-25-ans-mobutu-quittait-le-zaire","status":"publish","type":"post","link":"https:\/\/congokin.blog\/?p=8559","title":{"rendered":"Il y a 25 ans, Mobutu quittait le Za\u00efre"},"content":{"rendered":"\n<h1 class=\"wp-block-heading\">Il y a 25 ans, Mobutu quittait le Za\u00efre avant la chute de Kinshasa<\/h1>\n\n\n\n<ul class=\"wp-block-list\"><li>Dans\u00a0R\u00e9publique d\u00e9mocratique du Congo<\/li><li>16 mai 2022<\/li><li>Belga<\/li><li>763 Vues<\/li><\/ul>\n\n\n\n<figure class=\"wp-block-image is-style-zoooom\"><a href=\"https:\/\/afrique.lalibre.be\/app\/uploads\/2022\/05\/UG4IZTV52ZCCXNUMD57WOYTNEE-787x525.jpg\"><img decoding=\"async\" src=\"https:\/\/afrique.lalibre.be\/app\/uploads\/2022\/05\/UG4IZTV52ZCCXNUMD57WOYTNEE-690x450.jpg\" alt=\"Il y a 25 ans, Mobutu quittait le Za\u00efre avant la chute de Kinshasa\" title=\"\"\/><\/a><\/figure>\n\n\n\n<h3 class=\"wp-block-heading\">La R\u00e9publique d\u00e9mocratique du Congo (RDC) c\u00e9l\u00e8bre lundi et mardi, mais sans comm\u00e9moration particuli\u00e8re, le 25e anniversaire de la chute du dictateur Mobutu Sese Seko qui a dirig\u00e9 le pays d\u2019une main de fer pendant 32 ans et l\u2019arriv\u00e9e au pouvoir du rebelle Laurent-D\u00e9sir\u00e9 Kabila. Depuis 2002, ce double anniversaire ne donne en principe plus lieu \u00e0 aucune c\u00e9r\u00e9monie officielle en RDC, bien qu\u2019il marque un changement radical dans l\u2019histoire de l\u2019ex-Za\u00efre, avec la fin du long \u2013 et contest\u00e9 \u2013 r\u00e8gne du mar\u00e9chal Mobutu, entam\u00e9 d\u00e8s 1965, cinq ans apr\u00e8s l\u2019accession de l\u2019ex-Congo belge \u00e0 l\u2019ind\u00e9pendance.<\/h3>\n\n\n\n<p>C\u2019est en effet le samedi 17 mai 1997 que les troupes de l\u2019Alliance des Forces d\u00e9mocratiques pour la Lib\u00e9ration du Congo (AFDL) de Laurent-D\u00e9sir\u00e9 Kabila sont entr\u00e9es dans Kinshasa, sous les vivats de la population mass\u00e9e le long des grandes avenues. Le \u00ab&nbsp;vieux L\u00e9opard&nbsp;\u00bb venait pour sa part de fuir le pays pour se r\u00e9fugier au Maroc, o\u00f9 il allait d\u00e9c\u00e9der le 7 septembre suivant du cancer qui le rongeait, dans l\u2019indiff\u00e9rence g\u00e9n\u00e9rale.<\/p>\n\n\n\n<p>\u00ab&nbsp;D\u00e8s l\u2019aube du 17 mai 1997, des Kinois enthousiastes accouraient vers nous avec du pain, des sachets d\u2019eau, voire des seaux d\u2019eau pour nous laver&nbsp;\u00bb, se rappelle C\u00e9dric Kabeya, alias Zimbabwe, fantassin ayant particip\u00e9 \u00e0 cette \u00e9pop\u00e9e l\u2019ann\u00e9e de ses 16 ans.<\/p>\n\n\n\n<p>Partie en octobre 1996 du Sud-Kivu (est), la guerre de \u00ab&nbsp;lib\u00e9ration&nbsp;\u00bb conduite par M\u2019Zee (le vieux sage) Kabila, un quasi-inconnu alors pr\u00e9sident de l\u2019AFDL, a conquis l\u2019ex-Za\u00efre en sept mois, avec l\u2019aide de milliers de soldats rwandais aguerris et bien entra\u00een\u00e9s qui n\u2019ont trouv\u00e9 face \u00e0 eux qu\u2019une arm\u00e9e d\u00e9motiv\u00e9e et sans moyens, peu encline \u00e0 l\u2019h\u00e9ro\u00efsme.<\/p>\n\n\n\n<p>Il est vrai que le mar\u00e9chal-pr\u00e9sident avait, d\u00e8s le vendredi 16, anticip\u00e9 l\u2019arriv\u00e9e des rebelles et quitt\u00e9 le pays dans la pr\u00e9cipitation, abandonnant jusqu\u2019\u00e0 ses voitures blind\u00e9es \u00e0 l\u2019a\u00e9roport de N\u2019Djili.<\/p>\n\n\n\n<p>\u00ab&nbsp;La majorit\u00e9 des villes tombaient entre nos mains sans r\u00e9sistance de la part des hommes de Mobutu d\u00e9moralis\u00e9s et vomis par la population&nbsp;\u00bb, se rappelle un ex-officier rebelle, le g\u00e9n\u00e9ral-major Jean-Claude Kifwa.<\/p>\n\n\n\n<p>La liquidation du r\u00e9gime Mobutu est scell\u00e9e le jour-m\u00eame \u00e0 Lubumbashi (sud-est), lorsque Laurent-D\u00e9sir\u00e9 Kabila s\u2019autoproclame chef de l\u2019\u00c9tat, devenant le troisi\u00e8me pr\u00e9sident du pays depuis l\u2019ind\u00e9pendance du 30 juin 1960. Ce rescap\u00e9 des maquis \u00ab&nbsp;r\u00e9volutionnaires&nbsp;\u00bb et anti-mobutistes des ann\u00e9es 1960 pr\u00eate formellement serment le 29 mai \u00e0 Kinshasa.<\/p>\n\n\n\n<p>Un d\u00e9cret-loi pr\u00e9sidentiel renvoie le Parlement de transition \u2013 issu de la Conf\u00e9rence nationale souveraine (CNS) de 1991-1992 \u2013 au n\u00e9ant, et avec lui toutes les lois relatives \u00e0 l\u2019exercice du pouvoir. Le nouveau chef de l\u2019\u00c9tat s\u2019octroie le pouvoir de l\u00e9gif\u00e9rer en attendant la promulgation d\u2019une nouvelle Constitution, qui ne verra jamais le jour sous son r\u00e9gime.<\/p>\n\n\n\n<p>Le r\u00e8gne des lib\u00e9rateurs de l\u2019AFDL, dont l\u2019\u00e9tat-major est largement dirig\u00e9 par des officiers rwandais, sera de courte dur\u00e9e.<\/p>\n\n\n\n<p>Mzee, soucieux de m\u00e9nager un sentiment nationaliste exacerb\u00e9 par la pr\u00e9sence de soldats \u00e9trangers qui mettent en coupe r\u00e9gl\u00e9e l\u2019est du pays, qualifie rapidement l\u2019AFDL de \u00ab&nbsp;conglom\u00e9rat d\u2019opportunistes et d\u2019aventuriers assoiff\u00e9s de pouvoir et port\u00e9s au pillage&nbsp;\u00bb, et renvoie chez eux tous les \u00ab&nbsp;lib\u00e9rateurs&nbsp;\u00bb \u00e9trangers. Il se brouille ainsi avec ses principaux soutiens, les pr\u00e9sidents rwandais Paul Kagame et ougandais Yoweri Museveni \u2013 toujours au pouvoir.<\/p>\n\n\n\n<p>Et le 2 ao\u00fbt 1998, une nouvelle r\u00e9bellion \u00e9clate contre le r\u00e9gime kabiliste \u00e0 l\u2019initiative d\u2019ex-militaires et de combattants banyamulenge, soutenus par le Rwanda, dans le Kivu et \u00e0 Kinshasa, o\u00f9 ils sont d\u00e9faits par les forces loyalistes.<\/p>\n\n\n\n<p>Le conflit d\u00e9g\u00e9n\u00e8re rapidement en une guerre r\u00e9gionale, impliquant de multiples groupes arm\u00e9s et jusqu\u2019\u00e0 sept pays africains (Zimbabwe, Namibie,&nbsp;Angola&nbsp;et Tchad, alli\u00e9s du gouvernement de Kinshasa, et Rwanda, Ouganda et Burundi soutenant les diff\u00e9rents mouvements rebelles).<\/p>\n\n\n\n<p>La guerre, jusque d\u00e9but 2003, a fait directement et indirectement quelque quatre millions de morts, en majorit\u00e9 des civils, selon des estimations humanitaires. Les arm\u00e9es \u00e9trang\u00e8res se sont retir\u00e9es officiellement fin 2002 de RDC \u00e0 la suite du cessez-le-feu conclu en juillet et ao\u00fbt 1999 \u00e0 Lusaka, par les gouvernements congolais, namibien, rwandais, ougandais, zimbabw\u00e9en, angolais, ainsi que par les rebelles du Mouvement de Lib\u00e9ration du Congo (MLC) et du Rassemblement congolais pour la D\u00e9mocratie (RCD), qui contr\u00f4lent l\u2019est du pays.<\/p>\n\n\n\n<p>Entre-temps, le tombeur de Mobutu, Laurent-D\u00e9sir\u00e9 Kabila, est assassin\u00e9 le 16 janvier 2001 dans sa r\u00e9sidence du Palais de marbre \u00e0 Kinshasa par un garde du corps.<\/p>\n\n\n\n<p>Son fils, Joseph Kabila, lui succ\u00e8de cinq jours plus tard, en s\u2019engageant \u00e0 \u00ab&nbsp;ramener la paix dans la r\u00e9gion des Grands Lacs&nbsp;\u00bb et \u00e0 \u00ab&nbsp;consolider la d\u00e9mocratie&nbsp;\u00bb. Il reste chef de l\u2019\u00c9tat en 2003 sous le r\u00e9gime de la transition, dans un syst\u00e8me dit \u00ab&nbsp;1+4&nbsp;\u00bb (un pr\u00e9sident et quatre vice-pr\u00e9sidents) qui ne prendra fin que par sa nouvelle investiture, le 6 d\u00e9cembre 2006, apr\u00e8s les premi\u00e8res \u00e9lections d\u00e9mocratiques organis\u00e9es en 41 ans dans l\u2019ex-Za\u00efre et sa victoire \u00e0 la pr\u00e9sidentielle par 58,05% des voix. Il a \u00e9t\u00e9 r\u00e9\u00e9lu en 2011, au terme d\u2019un scrutin entach\u00e9 d\u2019irr\u00e9gularit\u00e9s.<\/p>\n\n\n\n<p>Joseph Kabila a fini par c\u00e9der en janvier 2019 le pouvoir, apr\u00e8s dix-sept ans pass\u00e9s \u00e0 la t\u00eate de l\u2019Etat, \u00e0 F\u00e9lix-Antoine Tshisekedi Tshilombo, proclam\u00e9 vainqueur du scrutin pr\u00e9sidentiel controvers\u00e9 du 30 d\u00e9cembre 2018.<\/p>\n\n\n\n<p>La famille Mobutu souhaite pour sa part rapatrier la d\u00e9pouille de l\u2019ancien pr\u00e9sident, enterr\u00e9 \u00ab&nbsp;provisoirement&nbsp;\u00bb dans le carr\u00e9 chr\u00e9tien du cimeti\u00e8re de Rabat.<\/p>\n\n\n\n<p>Kabila avait annonc\u00e9 en octobre 2013 le rapatriement \u00e0 venir de la d\u00e9pouille de Joseph Mobutu. Et M. Tshisekedi, \u00e0 peine \u00e9lu, s\u2019\u00e9tait aussi engag\u00e9, apr\u00e8s les obs\u00e8ques de son p\u00e8re, \u00c9tienne Tshisekedi, \u00e0 rapatrier le corps du \u00ab&nbsp;vieux l\u00e9opard&nbsp;\u00bb \u00e0 Kinshasa et \u00e0 organiser des fun\u00e9railles dignes de son rang. Mais aucune de ces promesses ne s\u2019est encore concr\u00e9tis\u00e9e.<\/p>\n\n\n\n<p>Un monument en m\u00e9moire du dictateur d\u00e9funt a \u00e9t\u00e9 inaugur\u00e9 l\u2019an dernier dans sa ville de Gbadolite (nord-ouest de la RDC) par la fondation d\u2019un ministre congolais. L\u2019installation de ce buste en bronze, coiff\u00e9 d\u2019une toque, lunettes sur le nez, a eu lieu le 29 mai 2021 \u00e0 Gbadolite, chef-lieu de la province du Nord-Ubangi et fief du vieux L\u00e9opard.<\/p>\n<div style=\"text-align:center\" class=\"wps-pgfw-pdf-generate-icon__wrapper-frontend\">\n\t\t<a href=\"https:\/\/congokin.blog?action=genpdf&amp;id=8559\" class=\"pgfw-single-pdf-download-button\" ><img src=\"https:\/\/congokin.blog\/wp-content\/plugins\/pdf-generator-for-wp\/admin\/src\/images\/PDF_Tray.svg\" title=\"G\u00e9n\u00e9rer un PDF\" style=\"width:auto; height:45px;\"><\/a>\n\t\t<\/div>","protected":false},"excerpt":{"rendered":"<p>Il y a 25 ans, Mobutu quittait le Za\u00efre avant la chute de Kinshasa Dans\u00a0R\u00e9publique d\u00e9mocratique du Congo 16 mai 2022 Belga 763 Vues La R\u00e9publique d\u00e9mocratique du Congo (RDC) c\u00e9l\u00e8bre lundi et mardi, mais sans comm\u00e9moration particuli\u00e8re, le 25e anniversaire de la chute du dictateur Mobutu Sese Seko qui a dirig\u00e9 le pays d\u2019une [&hellip;]<\/p>\n","protected":false},"author":8,"featured_media":0,"comment_status":"open","ping_status":"closed","sticky":false,"template":"","format":"standard","meta":{"footnotes":""},"categories":[7,8],"tags":[],"class_list":["post-8559","post","type-post","status-publish","format-standard","hentry","category-politique","category-societe"],"_links":{"self":[{"href":"https:\/\/congokin.blog\/index.php?rest_route=\/wp\/v2\/posts\/8559","targetHints":{"allow":["GET"]}}],"collection":[{"href":"https:\/\/congokin.blog\/index.php?rest_route=\/wp\/v2\/posts"}],"about":[{"href":"https:\/\/congokin.blog\/index.php?rest_route=\/wp\/v2\/types\/post"}],"author":[{"embeddable":true,"href":"https:\/\/congokin.blog\/index.php?rest_route=\/wp\/v2\/users\/8"}],"replies":[{"embeddable":true,"href":"https:\/\/congokin.blog\/index.php?rest_route=%2Fwp%2Fv2%2Fcomments&post=8559"}],"version-history":[{"count":1,"href":"https:\/\/congokin.blog\/index.php?rest_route=\/wp\/v2\/posts\/8559\/revisions"}],"predecessor-version":[{"id":8560,"href":"https:\/\/congokin.blog\/index.php?rest_route=\/wp\/v2\/posts\/8559\/revisions\/8560"}],"wp:attachment":[{"href":"https:\/\/congokin.blog\/index.php?rest_route=%2Fwp%2Fv2%2Fmedia&parent=8559"}],"wp:term":[{"taxonomy":"category","embeddable":true,"href":"https:\/\/congokin.blog\/index.php?rest_route=%2Fwp%2Fv2%2Fcategories&post=8559"},{"taxonomy":"post_tag","embeddable":true,"href":"https:\/\/congokin.blog\/index.php?rest_route=%2Fwp%2Fv2%2Ftags&post=8559"}],"curies":[{"name":"wp","href":"https:\/\/api.w.org\/{rel}","templated":true}]}}