{"id":864,"date":"2018-05-21T04:45:10","date_gmt":"2018-05-21T04:45:10","guid":{"rendered":"https:\/\/congokin.media\/?p=864"},"modified":"2018-05-21T04:45:10","modified_gmt":"2018-05-21T04:45:10","slug":"rd-congo-des-milliers-de-personnes-rassemblees-pour-un-hommage-a-un-militant-anti-kabila","status":"publish","type":"post","link":"https:\/\/congokin.blog\/?p=864","title":{"rendered":"RD Congo : des milliers de personnes rassembl\u00e9es pour un hommage \u00e0 un militant anti-Kabila"},"content":{"rendered":"<div class=\"art-header\">\n<h1>RD Congo : des milliers de personnes rassembl\u00e9es pour un hommage \u00e0 un militant anti-Kabila<\/h1>\n<p><time class=\"art-date\" datetime=\"2018-05-20T09:36:47Z\">20 mai 2018 \u00e0 11h36<\/time><\/div>\n<div id=\"content\" class=\"col-sm-8\">\n<article id=\"post-561212\" class=\"art-content\">\n<div class=\"art-author tracking-click-evt-ga\" data-category=\"Corps Article\" data-label=\"Auteur Toolbox\">\n<div class=\"author-desc\">Par AFP<\/div>\n<\/div>\n<div class=\"art-toolbox\"><\/div>\n<figure class=\"thumbnail art-thumbnail-lead\"><img decoding=\"async\" src=\"http:\/\/www.jeuneafrique.com\/medias\/2018\/02\/25\/afp_f6313540a766eb48d16ac3ddc20b1db471330011-592x296.jpg\" \/><\/figure>\n<div class=\"art-text ja-teads-inread\">\n<p class=\"lead\">Des milliers de personnes ont pris d&rsquo;assaut samedi la cath\u00e9drale catholique de Kinshasa pour les fun\u00e9railles du militant Rossy Mukendi Tshimanga tu\u00e9 par balle en f\u00e9vrier pendant une manifestation anti-Kabila en R\u00e9publique d\u00e9mocratique du Congo.<\/p>\n<p>Activistes, d\u00e9fenseurs des droits de l\u2019Homme, opposants, parents et anonymes se sont rassembl\u00e9s dans cette \u00e9glise du nord de Kinshasa pour rendre\u00a0un dernier hommage \u00e0 Rossy Mukendi, a constat\u00e9 une journaliste de l\u2019AFP.<\/p>\n<p>Initiateur du mouvement \u00ab\u00a0Collectif 2016\u00a0\u00bb, Rossy Mukendi (35 ans),\u00a0a \u00e9t\u00e9 tu\u00e9 par balle le 25 f\u00e9vrier dans la r\u00e9pression de la marche organis\u00e9e par le Comit\u00e9 la\u00efc de coordination\u00a0(CLC, un collectif proche de l\u2019\u00c9glise catholique) contre le maintien au pouvoir du pr\u00e9sident Joseph Kabila apr\u00e8s la fin de son mandat.<\/p>\n<p>Rossy est \u00ab\u00a0un digne fils du pays, un martyr qui ne mourra plus\u00a0\u00bb, a d\u00e9clar\u00e9 l\u2019abb\u00e9 Jean-Marie Konde dans son sermon : Il \u00ab\u00a0est tomb\u00e9 sous les balles des gens assoiff\u00e9s du pouvoir\u00a0\u00bb.<\/p>\n<p>Des hommages ont \u00e9t\u00e9 rendus auxd\u00e9funt, suscitant des orants dans une cath\u00e9drale bond\u00e9e de monde, surtout au moment o\u00f9 les orateurs reprenaient les paroles inscrites dans son testament : \u00ab\u00a0Le peuple gagne toujours\u00a0\u00bb, \u00ab\u00a0nous allons colorer le sol congolais de notre propre sang, pourvu que nos enfants ne vivent pas esclaves dans leur propre pays\u00a0\u00bb.<\/p>\n<p>Avant de conduire le cercueil pour l\u2019enterrement dans un cimeti\u00e8re de la p\u00e9riph\u00e9rie de Kinshasa, les activistes ont promis de poursuivre le combat pour un \u00e9tat de droit en RDC, \u00e0 sept mois de la date pr\u00e9vue pour la pr\u00e9sidentielle cens\u00e9e \u00e9lire le successeur de M. Kabila.<\/p>\n<p>Le \u00ab\u00a0combat ne s\u2019arr\u00eatera pas tant que les libert\u00e9s publiques seront confisqu\u00e9es, les biens publics et les recettes nationales privatis\u00e9s et l\u2019avenir de toute la communaut\u00e9 sacrifi\u00e9 \u00e0 l\u2019autel des ambitions d\u00e9mesur\u00e9es de quelques fils \u00e9gar\u00e9s et inconscients\u00a0\u00bb, a d\u00e9clar\u00e9 Gertrude Ekombe du CLC.<\/p>\n<p>\u00ab\u00a0Aujourd\u2019hui c\u2019est un jour de douleur, de tristesse mais \u00e9galement un jour qui nous donne beaucoup d\u2019\u00e9nergie et de d\u00e9termination pour poursuivre la lutte pour un \u00e9tat de droit, pour le respect des libert\u00e9s fondamentales en RDC\u00a0\u00bb, a d\u00e9clar\u00e9 \u00e0 la presse Rostin Manketa de l\u2019ONG la Voix des sans voix.<\/p>\n<p>Le deuxi\u00e8me et dernier mandat de M. Kabila a pris fin en d\u00e9cembre 2016, et le CLC demande au pr\u00e9sident de d\u00e9clarer publiquement qu\u2019il ne briguera pas un nouveau mandat. Les marches organis\u00e9es par le CLC ont \u00e9t\u00e9 r\u00e9prim\u00e9es dans le sang.<\/p>\n<\/div>\n<\/article>\n<\/div>\n<div style=\"text-align:center\" class=\"wps-pgfw-pdf-generate-icon__wrapper-frontend\">\n\t\t<a href=\"https:\/\/congokin.blog?action=genpdf&amp;id=864\" class=\"pgfw-single-pdf-download-button\" ><img src=\"https:\/\/congokin.blog\/wp-content\/plugins\/pdf-generator-for-wp\/admin\/src\/images\/PDF_Tray.svg\" title=\"G\u00e9n\u00e9rer un PDF\" style=\"width:auto; height:45px;\"><\/a>\n\t\t<\/div>","protected":false},"excerpt":{"rendered":"<p>RD Congo : des milliers de personnes rassembl\u00e9es pour un hommage \u00e0 un militant anti-Kabila 20 mai 2018 \u00e0 11h36 Par AFP Des milliers de personnes ont pris d&rsquo;assaut samedi la cath\u00e9drale catholique de Kinshasa pour les fun\u00e9railles du militant Rossy Mukendi Tshimanga tu\u00e9 par balle en f\u00e9vrier pendant une manifestation anti-Kabila en R\u00e9publique d\u00e9mocratique [&hellip;]<\/p>\n","protected":false},"author":4,"featured_media":0,"comment_status":"open","ping_status":"closed","sticky":false,"template":"","format":"standard","meta":{"footnotes":""},"categories":[7],"tags":[],"class_list":["post-864","post","type-post","status-publish","format-standard","hentry","category-politique"],"_links":{"self":[{"href":"https:\/\/congokin.blog\/index.php?rest_route=\/wp\/v2\/posts\/864","targetHints":{"allow":["GET"]}}],"collection":[{"href":"https:\/\/congokin.blog\/index.php?rest_route=\/wp\/v2\/posts"}],"about":[{"href":"https:\/\/congokin.blog\/index.php?rest_route=\/wp\/v2\/types\/post"}],"author":[{"embeddable":true,"href":"https:\/\/congokin.blog\/index.php?rest_route=\/wp\/v2\/users\/4"}],"replies":[{"embeddable":true,"href":"https:\/\/congokin.blog\/index.php?rest_route=%2Fwp%2Fv2%2Fcomments&post=864"}],"version-history":[{"count":0,"href":"https:\/\/congokin.blog\/index.php?rest_route=\/wp\/v2\/posts\/864\/revisions"}],"wp:attachment":[{"href":"https:\/\/congokin.blog\/index.php?rest_route=%2Fwp%2Fv2%2Fmedia&parent=864"}],"wp:term":[{"taxonomy":"category","embeddable":true,"href":"https:\/\/congokin.blog\/index.php?rest_route=%2Fwp%2Fv2%2Fcategories&post=864"},{"taxonomy":"post_tag","embeddable":true,"href":"https:\/\/congokin.blog\/index.php?rest_route=%2Fwp%2Fv2%2Ftags&post=864"}],"curies":[{"name":"wp","href":"https:\/\/api.w.org\/{rel}","templated":true}]}}