{"id":890,"date":"2018-05-22T04:34:29","date_gmt":"2018-05-22T04:34:29","guid":{"rendered":"https:\/\/congokin.media\/?p=890"},"modified":"2018-05-22T04:34:29","modified_gmt":"2018-05-22T04:34:29","slug":"rdc-kabund-insiste-de-nouveau-sur-une-transition-sans-kabila-pour-eviter-la-naivete-dun-peuple","status":"publish","type":"post","link":"https:\/\/congokin.blog\/?p=890","title":{"rendered":"RDC: Kabund insiste de nouveau sur une transition sans Kabila pour \u00e9viter la \u201cna\u00efvet\u00e9 d\u2019un peuple\u00a0\u00bb\u201d"},"content":{"rendered":"<header class=\"entry-header\">\n<h1 class=\"entry-title\">RDC: Kabund insiste de nouveau sur une transition sans Kabila pour \u00e9viter la \u201cna\u00efvet\u00e9 d\u2019un peuple\u00a0\u00bb\u201d<\/h1>\n<p class=\"entry-meta\"><time class=\"entry-time\" datetime=\"2018-05-21T18:25:22+00:00\"><span class=\"label\">Date<\/span><span class=\"date-display\">21 mai 2018<\/span><\/time><\/p>\n<\/header>\n<div class=\"entry-media\"><a class=\"radium-modal-image\" href=\"https:\/\/actualite.cd\/wp-content\/uploads\/2017\/05\/WhatsApp-Image-2017-05-02-at-19.04.05.jpeg\"><img loading=\"lazy\" decoding=\"async\" src=\"https:\/\/actualite.cd\/wp-content\/uploads\/2017\/05\/WhatsApp-Image-2017-05-02-at-19.04.05-985x450.jpeg\" srcset=\"https:\/\/actualite.cd\/wp-content\/uploads\/2017\/05\/WhatsApp-Image-2017-05-02-at-19.04.05-1080x493.jpeg\" alt=\"\" width=\"985\" height=\"450\" \/><\/a><\/div>\n<div class=\"entry-content\">\n<div id=\"paszonecont_39447\" class=\"paszone_container paszone-container-39447  top_pas \"><\/div>\n<p><b><i>Le secr\u00e9taire g\u00e9n\u00e9ral de l\u2019UDPS, Jean Marc Kabund a ressuscit\u00e9 le d\u00e9bat sur une transition sans Joseph Kabila avant l\u2019organisation des \u00e9lections. Pour lui, Joseph Kabila n\u2019a pas la volont\u00e9 de quitter le pouvoir.<\/i><\/b><\/p>\n<p>Ce mardi, Jean Marc Kabund a appel\u00e9 ses pairs de l\u2019opposition ainsi que la population \u00e0 \u201cune prise de conscience\u201d afin d\u2019exiger une transition sans Joseph Kabila \u00e0 la t\u00eate du pays.<\/p>\n<p><i>\u201cL\u2019UDPS n\u2019a pas d\u2019autres alternatives \u00a0que celle propos\u00e9e par le peuple Congolais. Le peuple ne veut pas voir Kabila continuer \u00e0 g\u00e9rer ce pays apr\u00e8s son second et dernier mandat en dehors de l\u2019accord politique sign\u00e9. Le peuple \u00a0voudrait aujourd\u2019hui une transition sans Kabila\u201d<\/i>, a d\u00e9clar\u00e9 \u00e0 ACTUALITE.CD, Kabund.<\/p>\n<p>Le num\u00e9ro 2 de l\u2019UDPS soutient que les \u00e9lections organis\u00e9es avec Kabila au pouvoir ne\u00a0 seront \u201ctruqu\u00e9es\u201d en faveur de sa famille politique.<\/p>\n<p><i>\u201cOn ne laisse jamais \u00e0 un tyran, \u00e0 un dictateur chevronn\u00e9 d\u2019organiser les \u00e9lections, parce qu\u2019il ne perdra jamais. Il les organiseront toujours pour se maintenir au pouvoir. Joseph Kabila c\u2019est un pr\u00e9sident sans mandat ni l\u00e9gitimit\u00e9 (\u2026) Il y a un fichier foutu, nous avons cette probl\u00e9matique de la machine \u00e0 voter c\u2019est pour dire que Kabila n\u2019a pas l\u2019intention \u00a0d\u2019organiser des v\u00e9ritables \u00e9lections dans ce pays, il voudra toujours chercher des subterfuges pour nous plonger dans des \u00e9lections o\u00f9 lui et sa majorit\u00e9 gagneront. En dehors de l\u2019accord politique, laisser Kabila nous organiser des \u00e9lections c\u2019est de la na\u00efvet\u00e9 de tout un peuple, nous serons tr\u00e8s na\u00eff\u201d<\/i>, a-t-il martel\u00e9.<\/p>\n<p>Martin Fayulu, pr\u00e9sident de l\u2019Engagement citoyen et le d\u00e9veloppement (ECIDE) est aussi parmi ceux qui soutiennent une transition sans l\u2019actuel chef de l\u2019Etat avant la tenue des \u00e9lections, pourtant pr\u00e9vues en d\u00e9cembre de cette ann\u00e9e conform\u00e9ment au calendrier publi\u00e9 par la Commission \u00e9lectorale nationale ind\u00e9pendante (CENI).<\/p>\n<p><b>Stanys Bujakera Tshiamala<\/b><\/p>\n<\/div>\n<div style=\"text-align:center\" class=\"wps-pgfw-pdf-generate-icon__wrapper-frontend\">\n\t\t<a href=\"https:\/\/congokin.blog?action=genpdf&amp;id=890\" class=\"pgfw-single-pdf-download-button\" ><img src=\"https:\/\/congokin.blog\/wp-content\/plugins\/pdf-generator-for-wp\/admin\/src\/images\/PDF_Tray.svg\" title=\"G\u00e9n\u00e9rer un PDF\" style=\"width:auto; height:45px;\"><\/a>\n\t\t<\/div>","protected":false},"excerpt":{"rendered":"<p>RDC: Kabund insiste de nouveau sur une transition sans Kabila pour \u00e9viter la \u201cna\u00efvet\u00e9 d\u2019un peuple\u00a0\u00bb\u201d Date21 mai 2018 Le secr\u00e9taire g\u00e9n\u00e9ral de l\u2019UDPS, Jean Marc Kabund a ressuscit\u00e9 le d\u00e9bat sur une transition sans Joseph Kabila avant l\u2019organisation des \u00e9lections. Pour lui, Joseph Kabila n\u2019a pas la volont\u00e9 de quitter le pouvoir. Ce mardi, [&hellip;]<\/p>\n","protected":false},"author":4,"featured_media":0,"comment_status":"open","ping_status":"closed","sticky":false,"template":"","format":"standard","meta":{"footnotes":""},"categories":[7],"tags":[],"class_list":["post-890","post","type-post","status-publish","format-standard","hentry","category-politique"],"_links":{"self":[{"href":"https:\/\/congokin.blog\/index.php?rest_route=\/wp\/v2\/posts\/890","targetHints":{"allow":["GET"]}}],"collection":[{"href":"https:\/\/congokin.blog\/index.php?rest_route=\/wp\/v2\/posts"}],"about":[{"href":"https:\/\/congokin.blog\/index.php?rest_route=\/wp\/v2\/types\/post"}],"author":[{"embeddable":true,"href":"https:\/\/congokin.blog\/index.php?rest_route=\/wp\/v2\/users\/4"}],"replies":[{"embeddable":true,"href":"https:\/\/congokin.blog\/index.php?rest_route=%2Fwp%2Fv2%2Fcomments&post=890"}],"version-history":[{"count":0,"href":"https:\/\/congokin.blog\/index.php?rest_route=\/wp\/v2\/posts\/890\/revisions"}],"wp:attachment":[{"href":"https:\/\/congokin.blog\/index.php?rest_route=%2Fwp%2Fv2%2Fmedia&parent=890"}],"wp:term":[{"taxonomy":"category","embeddable":true,"href":"https:\/\/congokin.blog\/index.php?rest_route=%2Fwp%2Fv2%2Fcategories&post=890"},{"taxonomy":"post_tag","embeddable":true,"href":"https:\/\/congokin.blog\/index.php?rest_route=%2Fwp%2Fv2%2Ftags&post=890"}],"curies":[{"name":"wp","href":"https:\/\/api.w.org\/{rel}","templated":true}]}}