{"id":896,"date":"2018-05-23T00:46:01","date_gmt":"2018-05-23T00:46:01","guid":{"rendered":"https:\/\/congokin.media\/?p=896"},"modified":"2018-05-23T00:46:01","modified_gmt":"2018-05-23T00:46:01","slug":"un-parti-va-presenter-la-candidature-de-joseph-kabila-a-la-prochaine-presidentielle","status":"publish","type":"post","link":"https:\/\/congokin.blog\/?p=896","title":{"rendered":"Un parti va pr\u00e9senter la candidature de Joseph Kabila \u00e0 la prochaine Pr\u00e9sidentielle"},"content":{"rendered":"<header class=\"row narrow-header\">\n<div class=\"col-lg-10 c-black l-black offset-lg-1\">\n<div class=\"meta row align-items-center\">\n<div class=\"col-lg-6 actual-meta\">\n<div class=\"by-badge c-meta l-black  small d-flex align-items-center\"><span class=\"author\">y\u00a0La R\u00e9daction<\/span><span class=\"date ml-1\">\/ 22 mai 2018<\/span><\/div>\n<\/div>\n<div class=\"col-lg-6 share\"><\/div>\n<\/div>\n<hr class=\"mb-4 mt-1\" \/>\n<h1 class=\"title font-weight-bold mt-3 mb-0\">Un parti va pr\u00e9senter la candidature de Joseph Kabila \u00e0 la prochaine Pr\u00e9sidentielle<\/h1>\n<\/div>\n<\/header>\n<div class=\"post-container pt-4\">\n<div class=\"row pb-5\">\n<div class=\"col-lg-7 offset-lg-1\n          \"><\/p>\n<div class=\"lead c-meta mb-4 f-main\">\n<p>Le Mouvement des ind\u00e9pendants r\u00e9formateurs (MIR) annonce \u00e0 POLITICO.CD son intention de pr\u00e9senter la candidature du pr\u00e9sident Joseph Kabila \u00e0 la prochaine pr\u00e9sidentielle, malgr\u00e9 l\u2019interdiction constitutionnelle.<\/p>\n<\/div>\n<div class=\"mb-4\">\n<div class=\"featured-img\"><img decoding=\"async\" src=\"https:\/\/i0.wp.com\/www.politico.cd\/wp-content\/uploads\/2016\/09\/joseph-kabila-serment.jpg?fit=1024%2C577\" alt=\"Un parti va pr\u00e9senter la candidature de Joseph Kabila \u00e0 la prochaine Pr\u00e9sidentielle\" \/><\/div>\n<div class=\"img-caption f-main c-meta small text-right\"><\/div>\n<\/div>\n<div class=\"post-content l-1 lh-black mb-4 clearfix\">\n<p><span class=\"wpsdc-drop-cap\">S<\/span>tanley Mbayo Pelesa, pr\u00e9sident du MIR, membre de la Majorit\u00e9 Pr\u00e9sidentielle, fait savoir que son parti va pr\u00e9senter la candidature de Joseph Kabila \u00e0 la pr\u00e9sidentielle du 23 d\u00e9cembre prochain en R\u00e9publique d\u00e9mocratique du Congo, malgr\u00e9 le fait que la Constitution du pays interdit au pr\u00e9sident congolais de briguer un autre mandat.<\/p>\n<p>Cependant, pour Mt Mbayo, son parti est libre de pr\u00e9senter la candidature du pr\u00e9sident Kabila, sans violer la Constitution. \u00ab\u00a0<em>La Constitution vous dit, le Pr\u00e9sident de la R\u00e9publique est \u00e9lu pour un mandat de cinq ans, une fois renouvelable. La loi \u00e9lectorale vous dit, le mandat appartient aux partis politiques. Quand un \u00e9lu d\u00e9missionne de son parti, il perd son mandat<\/em>\u00ab\u00a0, introduit-t-il.<\/p>\n<p>\u00ab\u00a0<em>En 2006, Joseph Kabila se pr\u00e9sente (comme) candidat ind\u00e9pendant aux \u00e9lections pr\u00e9sidentielles. En 2011, il y a un congr\u00e8s du PPRD \u00e0 Mbandaka, qui pl\u00e9biscite Joseph Kabila candidat pr\u00e9sident de la R\u00e9publique sur la liste PPRD (\u2026) Joseph Kabila leur dira: je dois renouveler mon mandat, il a renouvel\u00e9 son mandat en tant qu\u2019ind\u00e9pendant<\/em>\u00ab\u00a0, ajoute-t-il.<\/p>\n<p>Cet avocat et proche du Pr\u00e9sident congolais affirme donc qu\u2019aux prochaines \u00e9lections, Joseph Kabila est libre de se pr\u00e9senter sous la banni\u00e8re d\u2019un parti politique. \u00ab\u00a0<em>Aux prochaine \u00e9lections, la seule interdiction qui limiterait Kabila, c\u2019est de se repr\u00e9senter en tant qu\u2019ind\u00e9pendant<\/em>\u00ab\u00a0, dit-il, avant d\u2019annonce que son parti allait d\u00e9poser la candidature du pr\u00e9sident Kabila \u00e0 cette pr\u00e9sidentielle.<\/p>\n<p>\u00ab\u00a0<em>Notre parti politique, le MIR,\u00a0Mouvement des ind\u00e9pendants r\u00e9formateurs, va, pour la toute premi\u00e8re fois, au mois de juillet, concourir aux \u00e9lections pr\u00e9sidentielles. Et sur notre liste, le candidat, \u00e7a sera Joseph Kabila<\/em>\u00ab\u00a0, annonce-t-il.<\/p>\n<p>Arriv\u00e9 \u00e0 la fin de son deuxi\u00e8me et dernier mandat \u00e0 la t\u00eate du pays depuis le 20 d\u00e9cembre 2016, le Pr\u00e9sident congolais ne peut plus se pr\u00e9senter \u00e0 la prochaine pr\u00e9sidentielle. N\u00e9anmoins, l\u2019absence de choix clair de successeur au sein de sa famille politique pousse l\u2019opposition congolaise \u00e0 accuser le Chef de l\u2019Etat de vouloir briguer un nouveau mandat.<\/p>\n<p>La semaine derni\u00e8re, la Pr\u00e9sidence a \u00e9t\u00e9 oblig\u00e9e de d\u00e9mentir des rumeurs relay\u00e9es par des r\u00e9seaux sociaux et confirmant une candidature suppos\u00e9e de Joseph Kabila \u00e0 cette prochaine Pr\u00e9sidentielle.\u00a0 \u00ab\u00a0C\u2019est de l\u2019intox pure et simple. Il n\u2019en est pas question\u00a0\u00bb, r\u00e9pond Jean Pierre Kambila, Directeur de cabinet adjoint du pr\u00e9sident Joseph Kabila, interrog\u00e9 par l\u2019Agence France Presse.<\/p>\n<p>\u00ab\u00a0<em>La Constitution interdit le renouvellement du mandat,\u00a0 mais elle n\u2019interdit pas que la m\u00eame personne rempile plus de trois mandats<\/em>\u00ab\u00a0, argumente n\u00e9anmoins Mt Mbayo, affirmant qu\u2019il va bient\u00f4t \u00ab\u00a0aller voir la CENI\u00a0\u00bb pour le d\u00e9p\u00f4t de cette candidature.<\/p>\n<\/div>\n<\/div>\n<\/div>\n<\/div>\n<div style=\"text-align:center\" class=\"wps-pgfw-pdf-generate-icon__wrapper-frontend\">\n\t\t<a href=\"https:\/\/congokin.blog?action=genpdf&amp;id=896\" class=\"pgfw-single-pdf-download-button\" ><img src=\"https:\/\/congokin.blog\/wp-content\/plugins\/pdf-generator-for-wp\/admin\/src\/images\/PDF_Tray.svg\" title=\"G\u00e9n\u00e9rer un PDF\" style=\"width:auto; height:45px;\"><\/a>\n\t\t<\/div>","protected":false},"excerpt":{"rendered":"<p>y\u00a0La R\u00e9daction\/ 22 mai 2018 Un parti va pr\u00e9senter la candidature de Joseph Kabila \u00e0 la prochaine Pr\u00e9sidentielle Le Mouvement des ind\u00e9pendants r\u00e9formateurs (MIR) annonce \u00e0 POLITICO.CD son intention de pr\u00e9senter la candidature du pr\u00e9sident Joseph Kabila \u00e0 la prochaine pr\u00e9sidentielle, malgr\u00e9 l\u2019interdiction constitutionnelle. Stanley Mbayo Pelesa, pr\u00e9sident du MIR, membre de la Majorit\u00e9 Pr\u00e9sidentielle, [&hellip;]<\/p>\n","protected":false},"author":4,"featured_media":0,"comment_status":"open","ping_status":"closed","sticky":false,"template":"","format":"standard","meta":{"footnotes":""},"categories":[7],"tags":[],"class_list":["post-896","post","type-post","status-publish","format-standard","hentry","category-politique"],"_links":{"self":[{"href":"https:\/\/congokin.blog\/index.php?rest_route=\/wp\/v2\/posts\/896","targetHints":{"allow":["GET"]}}],"collection":[{"href":"https:\/\/congokin.blog\/index.php?rest_route=\/wp\/v2\/posts"}],"about":[{"href":"https:\/\/congokin.blog\/index.php?rest_route=\/wp\/v2\/types\/post"}],"author":[{"embeddable":true,"href":"https:\/\/congokin.blog\/index.php?rest_route=\/wp\/v2\/users\/4"}],"replies":[{"embeddable":true,"href":"https:\/\/congokin.blog\/index.php?rest_route=%2Fwp%2Fv2%2Fcomments&post=896"}],"version-history":[{"count":0,"href":"https:\/\/congokin.blog\/index.php?rest_route=\/wp\/v2\/posts\/896\/revisions"}],"wp:attachment":[{"href":"https:\/\/congokin.blog\/index.php?rest_route=%2Fwp%2Fv2%2Fmedia&parent=896"}],"wp:term":[{"taxonomy":"category","embeddable":true,"href":"https:\/\/congokin.blog\/index.php?rest_route=%2Fwp%2Fv2%2Fcategories&post=896"},{"taxonomy":"post_tag","embeddable":true,"href":"https:\/\/congokin.blog\/index.php?rest_route=%2Fwp%2Fv2%2Ftags&post=896"}],"curies":[{"name":"wp","href":"https:\/\/api.w.org\/{rel}","templated":true}]}}