{"id":898,"date":"2018-05-23T00:51:03","date_gmt":"2018-05-23T00:51:03","guid":{"rendered":"https:\/\/congokin.media\/?p=898"},"modified":"2018-05-23T00:51:03","modified_gmt":"2018-05-23T00:51:03","slug":"rdc-les-eveques-du-kivu-appellent-a-la-mobilisation","status":"publish","type":"post","link":"https:\/\/congokin.blog\/?p=898","title":{"rendered":"RDC : Les \u00e9v\u00eaques du Kivu appellent \u00e0 la mobilisation"},"content":{"rendered":"<h1 class=\"post_title\">RDC : Les \u00e9v\u00eaques du Kivu appellent \u00e0 la mobilisation<\/h1>\n<ul class=\"post_details clearfix\">\n<li class=\"detail date\">21 mai 2018<\/li>\n<li class=\"detail author\">Hubert Leclercq<\/li>\n<\/ul>\n<p><a class=\"post_image page_margin_top margin_bottom_0 prettyPhoto\" title=\"RDC : Les \u00e9v\u00eaques du Kivu appellent \u00e0 la mobilisation\" href=\"https:\/\/afrique.lalibre.be\/app\/uploads\/2018\/05\/EVEQUES-bKV.jpg\"><img loading=\"lazy\" decoding=\"async\" class=\"attachment-small-slider-thumb size-small-slider-thumb wp-post-image\" title=\"\" src=\"https:\/\/afrique.lalibre.be\/app\/uploads\/2018\/05\/EVEQUES-bKV.jpg\" sizes=\"auto, (max-width: 655px) 100vw, 655px\" srcset=\"https:\/\/afrique.lalibre.be\/app\/uploads\/2018\/05\/EVEQUES-bKV.jpg 655w, https:\/\/afrique.lalibre.be\/app\/uploads\/2018\/05\/EVEQUES-bKV-524x295.jpg 524w\" alt=\"RDC : Les \u00e9v\u00eaques du Kivu appellent \u00e0 la mobilisation\" width=\"655\" height=\"369\" \/><\/a><\/p>\n<div class=\"post_content page_margin_top_section clearfix\">\n<div class=\"content_box full_width\">\n<p>Les archev\u00eaque et \u00e9v\u00eaques membres de l\u2019Assembl\u00e9e \u00c9piscopale Provinciale de Bukavu<br \/>\n(ASSEPB) viennent de terminer ce 20 mai une rencontre d\u2019une semaine \u00e0 Goma.<\/p>\n<div class=\"text\">\n<p>L\u2019occasion pour ces responsbles eccl\u00e9siastques de faire le point sur la situation g\u00e9n\u00e9rale dans le Nord Kivu mais aussi dans le Sud-Kivu, le Maniema, sans perdre de vue l\u2019ensemble de la RDC.<\/p>\n<p>Et le constat est sans concession (voir l\u2019int\u00e9gral du courrier en bas de ce texte). S\u2019ils commencent par remercier les paroissiens, par saluer\u00a0la visite du vice-gouverneur du Nord Kivu ainsi que du<br \/>\npr\u00e9sident de la Commission \u00e9lectorale nationale ind\u00e9pendante (Ceni), l\u2019ensemble du courrier est une mise en garde claire \u00e0 l\u2019attention du peuple du Kivu mais aussi de l\u2019ensemble de la RDC.<\/p>\n<p>Les archev\u00eaques et \u00e9v\u00eaques saluent quelques r\u00e9alisations et quelques progr\u00e8s enregistr\u00e9s dans la r\u00e9gion, mais \u00e0 c\u00f4t\u00e9 de ce l\u00e9ger satisfecit, ils tirent surtout \u00e0 boulets rouges sur la tentative de d\u00e9manteler la province du Nord-Kivu, pointent un doigt accusateur vers la classe politique qui dirige le pays au \u00ab\u00a0d\u00e9triment des Congolais\u00a0\u00bb et \u00ab\u00a0au profit des \u00e9conomies \u00e9trang\u00e8res\u00a0\u00bb, peut-on lire.<\/p>\n<p>Pour ce qui est de cette d\u00e9marche initi\u00e9e par p\u00e9tition pour un \u00e9ventuel d\u00e9membrement de la province du Nord Kivu, les eccl\u00e9siastiques mettent en garde :\u00a0\u00a0\u00ab\u00a0Une certaine tendance politique aux intentions sans<br \/>\ndoute inavou\u00e9es, est en train de pousser au morcellement et \u00e0 l\u2019\u00e9clatement de la Province\u2019<br \/>\npour ses int\u00e9r\u00eats particuliers, au m\u00e9pris de la volont\u00e9 de la population soucieuse de l\u2019unit\u00e9 de la<br \/>\nprovince dans une RD congo unie, on risque d\u2019aller vers l\u2019\u00e9miettement de tout le pays. En plus,<br \/>\ncette initiative pernicieuse ne donnerait-elle pas un mauvais signal politique pour l\u2019ensemble du<br \/>\npavs: l\u2019institutionnalisation de l\u2019esprit de tribalisme, de division et d\u2019exclusion qui rel\u00e8ve de la<br \/>\nm\u00eame logique que celle de la s\u00e9cession ?\u00a0\u00bb, avant de poursuivre : \u00ab\u00a0N\u2019y a-t-il pas danger d\u2019attiser les rivalit\u00e9s interethniques avec ce que cela pourrait entra\u00eener comme violence, purification ethnique et autres crimes contre l\u2019humanit\u00e9 g\u00e9n\u00e9ralement li\u00e9s aux situations de guerre ? Cette dynamique pourrait aussi bien nous conduire au seuil des violences et atrocit\u00e9s comme on en a connu r\u00e9cemment ici et ailleurs:\u00a0dans le territoire de Beni, en lturi, au Nord Katanga, au Kasa\u00ef (\u2026).\u00a0Entretemps, les leaders promoteurs du projet seront \u00e0 l\u2019abri ailleurs, et de mani\u00e8re cynique, vous demanderont les nouvelles par t\u00e9l\u00e9phone. De l\u00e0 ils s\u2019informeront sur le bilan\u00a0pour voir l\u2019usage politique qu\u2019ils peuvent en faire afin de conqu\u00e9rir le pouvoir ou le conserver.\u00a0\u00bb<\/p>\n<p>Et de s\u2019interroger : \u00ab\u00a0A qui profite finalement cette man\u00e6uvre funeste ? Sans compter que cela risque de nous\u00a0amener in\u00e9vitablement \u00e0 une r\u00e9vision constitutionnelle dont nous n\u2019avons pas besoin !\u00a0\u00bb<\/p>\n<p>Et les eccl\u00e9siastiques ne s\u2019arr\u00eatent pas l\u00e0. Ils \u00e9voquent \u00ab\u00a0l\u2019incurie g\u00e9n\u00e9rale dans la gestion de la chose publique\u00a0\u00bb, \u00ab\u00a0l\u2019asphyxie de l\u2019\u00e9conomie par une fiscalit\u00e9 aberrante\u00a0\u00bb,\u00a0\u00a0\u00ab\u00a0la terreur active ou passive contre la population comme mode de gestion du pouvoir\u00a0\u00bb.<\/p>\n<p>Et les \u00e9v\u00eaques de terminer par une s\u00e9rie de recommandations qui \u00e9voquent notamment le vivre ensemble dans le Nord Kivu afin d\u2019\u00e9viter la partition et un \u00e9ventuel embrasement. Mais les \u00e9v\u00eaques appellent aussi tous les Congolais, sans restriction, \u00e0 se\u00a0\u00a0\u00ab\u00a0lib\u00e9rer de la peur de la mort, car le christ a vaincu la mort\u00a0\u00bb et ils prennent en exemple les mod\u00e8les de \u00ab\u00a0courage, d\u2019h\u00e9ro\u00efsme de nos pasteurs martyrs Mgr Christophe Munzihirwa, Emmanue Kataliko ainsi que Monsieur Floriberl Bwana Chui Bin Kositi.<\/p>\n<p>Un courrier de 5 pages sign\u00e9 par les \u00e9v\u00eaques de Goma, Bukavu, Kindu, Butembo-Beni et Kasongo. Des r\u00e9gions d\u00e9vast\u00e9s par des ann\u00e9es de violences et d\u2019incurie. Une lettre qui \u00e9pingle les grands dysfonctionnements d\u2019un Etat \u00e0 la d\u00e9rive. Mais une d\u00e9rive qui n\u2019est pas que le fruit du hasard selon les auteurs qui accusent le pouvoir en place \u00e0 Kinshasa de chercher \u00e0 conserver sa mainmise sur le pays pour ses int\u00e9r\u00eats personnels et m\u00eame \u00e0 aggraver encore \u2013 si possible \u2013 la situation pour des raisons \u00e9conomiques \u00e9videntes et au d\u00e9triment de l\u2019ensemble de la population congolaise.<\/p>\n<p>&nbsp;<\/p>\n<\/div>\n<\/div>\n<\/div>\n<div style=\"text-align:center\" class=\"wps-pgfw-pdf-generate-icon__wrapper-frontend\">\n\t\t<a href=\"https:\/\/congokin.blog?action=genpdf&amp;id=898\" class=\"pgfw-single-pdf-download-button\" ><img src=\"https:\/\/congokin.blog\/wp-content\/plugins\/pdf-generator-for-wp\/admin\/src\/images\/PDF_Tray.svg\" title=\"G\u00e9n\u00e9rer un PDF\" style=\"width:auto; height:45px;\"><\/a>\n\t\t<\/div>","protected":false},"excerpt":{"rendered":"<p>RDC : Les \u00e9v\u00eaques du Kivu appellent \u00e0 la mobilisation 21 mai 2018 Hubert Leclercq Les archev\u00eaque et \u00e9v\u00eaques membres de l\u2019Assembl\u00e9e \u00c9piscopale Provinciale de Bukavu (ASSEPB) viennent de terminer ce 20 mai une rencontre d\u2019une semaine \u00e0 Goma. L\u2019occasion pour ces responsbles eccl\u00e9siastques de faire le point sur la situation g\u00e9n\u00e9rale dans le Nord [&hellip;]<\/p>\n","protected":false},"author":4,"featured_media":0,"comment_status":"open","ping_status":"closed","sticky":false,"template":"","format":"standard","meta":{"footnotes":""},"categories":[7],"tags":[],"class_list":["post-898","post","type-post","status-publish","format-standard","hentry","category-politique"],"_links":{"self":[{"href":"https:\/\/congokin.blog\/index.php?rest_route=\/wp\/v2\/posts\/898","targetHints":{"allow":["GET"]}}],"collection":[{"href":"https:\/\/congokin.blog\/index.php?rest_route=\/wp\/v2\/posts"}],"about":[{"href":"https:\/\/congokin.blog\/index.php?rest_route=\/wp\/v2\/types\/post"}],"author":[{"embeddable":true,"href":"https:\/\/congokin.blog\/index.php?rest_route=\/wp\/v2\/users\/4"}],"replies":[{"embeddable":true,"href":"https:\/\/congokin.blog\/index.php?rest_route=%2Fwp%2Fv2%2Fcomments&post=898"}],"version-history":[{"count":0,"href":"https:\/\/congokin.blog\/index.php?rest_route=\/wp\/v2\/posts\/898\/revisions"}],"wp:attachment":[{"href":"https:\/\/congokin.blog\/index.php?rest_route=%2Fwp%2Fv2%2Fmedia&parent=898"}],"wp:term":[{"taxonomy":"category","embeddable":true,"href":"https:\/\/congokin.blog\/index.php?rest_route=%2Fwp%2Fv2%2Fcategories&post=898"},{"taxonomy":"post_tag","embeddable":true,"href":"https:\/\/congokin.blog\/index.php?rest_route=%2Fwp%2Fv2%2Ftags&post=898"}],"curies":[{"name":"wp","href":"https:\/\/api.w.org\/{rel}","templated":true}]}}