{"id":911,"date":"2018-05-24T00:31:06","date_gmt":"2018-05-24T00:31:06","guid":{"rendered":"https:\/\/congokin.media\/?p=911"},"modified":"2018-05-24T00:31:06","modified_gmt":"2018-05-24T00:31:06","slug":"rdc-si-les-elections-ne-sont-pas-organisees-le-23-decembre-lunc-soutiendra-la-transition-sans-kabila-mayo-mambeke","status":"publish","type":"post","link":"https:\/\/congokin.blog\/?p=911","title":{"rendered":"RDC: \u201cSi les \u00e9lections ne sont pas organis\u00e9es le 23 d\u00e9cembre, l\u2019UNC soutiendra la transition sans Kabila\u201d Mayo Mambeke"},"content":{"rendered":"<header class=\"entry-header\">\n<h1 class=\"entry-title\">RDC: \u201cSi les \u00e9lections ne sont pas organis\u00e9es le 23 d\u00e9cembre, l\u2019UNC soutiendra la transition sans Kabila\u201d Mayo Mambeke<\/h1>\n<p class=\"entry-meta\"><time class=\"entry-time\" datetime=\"2018-05-23T18:02:31+00:00\"><span class=\"label\">Date<\/span><span class=\"date-display\">23 mai 2018<\/span><\/time><\/p>\n<\/header>\n<div class=\"entry-media\"><a class=\"radium-modal-image\" href=\"https:\/\/actualite.cd\/wp-content\/uploads\/2017\/11\/MAYO-ET-KAMERHE-2.png\"><img loading=\"lazy\" decoding=\"async\" src=\"https:\/\/actualite.cd\/wp-content\/uploads\/2017\/11\/MAYO-ET-KAMERHE-2-985x450.png\" srcset=\"https:\/\/actualite.cd\/wp-content\/uploads\/2017\/11\/MAYO-ET-KAMERHE-2-1146x523.png\" alt=\"\" width=\"985\" height=\"450\" \/><\/a><\/div>\n<div class=\"entry-content\">\n<div id=\"paszonecont_39447\" class=\"paszone_container paszone-container-39447  top_pas \"><\/div>\n<p><b>Le secr\u00e9taire g\u00e9n\u00e9ral de l\u2019Union pour la nation congolaise (UNC), Jean Baudouin Mayo Mambeke pr\u00e9vient que son parti soutiendra une \u201ctransition sans Joseph Kabila\u201d si les \u00e9lections ne sont pas organis\u00e9es cette ann\u00e9e.<\/b><\/p>\n<p>Mais le secr\u00e9taire g\u00e9n\u00e9ral de l\u2019UNC met en garde le pouvoir contre toute tentative de retarder les \u00e9lections.<\/p>\n<p><i>\u201cPour le moment, le pr\u00e9sident Kabila est couvert par l\u2019accord de la saint sylvestre. \u00a0Mais si de mauvaise foi le pouvoir retarde les \u00e9lections pour qu\u2019elles ne se tiennent pas \u00e0 la date pr\u00e9vue, nous allons soutenir la transition sans Joseph Kabila\u201d<\/i>, a dit \u00e0 ACTUALITE.CD, Jean Baudouin Mayo Mambeke.<\/p>\n<p>Le mardi dernier, le secr\u00e9taire g\u00e9n\u00e9ral de l\u2019Union pour la d\u00e9mocratie et le progr\u00e8s social (UDPS), Jean Marc Kabund a ressuscit\u00e9 le d\u00e9bat sur la transition sans Kabila et appel\u00e9 ses pairs de l\u2019opposition ainsi que la population \u00e0 \u201cune prise de conscience\u201d afin d\u2019y arriver avant la tenue des \u00e9lections.<\/p>\n<p><em>\u201cL\u2019UDPS n\u2019a pas d\u2019autres alternatives \u00a0que celle propos\u00e9es par le peuple Congolais. Le peuple ne veut pas voir Kabila continuer \u00e0 g\u00e9rer ce pays apr\u00e8s son second et dernier mandat en dehors de l\u2019accord politique sign\u00e9. Le peuple \u00a0voudrait aujourd\u2019hui une transition sans Kabila\u201d<\/em>, a d\u00e9clar\u00e9 \u00e0 ACTUALITE.CD, Kabund.<\/p>\n<p><strong>Stanys Bujakera Tshiamala<\/strong><\/p>\n<\/div>\n<div style=\"text-align:center\" class=\"wps-pgfw-pdf-generate-icon__wrapper-frontend\">\n\t\t<a href=\"https:\/\/congokin.blog?action=genpdf&amp;id=911\" class=\"pgfw-single-pdf-download-button\" ><img src=\"https:\/\/congokin.blog\/wp-content\/plugins\/pdf-generator-for-wp\/admin\/src\/images\/PDF_Tray.svg\" title=\"G\u00e9n\u00e9rer un PDF\" style=\"width:auto; height:45px;\"><\/a>\n\t\t<\/div>","protected":false},"excerpt":{"rendered":"<p>RDC: \u201cSi les \u00e9lections ne sont pas organis\u00e9es le 23 d\u00e9cembre, l\u2019UNC soutiendra la transition sans Kabila\u201d Mayo Mambeke Date23 mai 2018 Le secr\u00e9taire g\u00e9n\u00e9ral de l\u2019Union pour la nation congolaise (UNC), Jean Baudouin Mayo Mambeke pr\u00e9vient que son parti soutiendra une \u201ctransition sans Joseph Kabila\u201d si les \u00e9lections ne sont pas organis\u00e9es cette ann\u00e9e. [&hellip;]<\/p>\n","protected":false},"author":4,"featured_media":0,"comment_status":"open","ping_status":"closed","sticky":false,"template":"","format":"standard","meta":{"footnotes":""},"categories":[7],"tags":[],"class_list":["post-911","post","type-post","status-publish","format-standard","hentry","category-politique"],"_links":{"self":[{"href":"https:\/\/congokin.blog\/index.php?rest_route=\/wp\/v2\/posts\/911","targetHints":{"allow":["GET"]}}],"collection":[{"href":"https:\/\/congokin.blog\/index.php?rest_route=\/wp\/v2\/posts"}],"about":[{"href":"https:\/\/congokin.blog\/index.php?rest_route=\/wp\/v2\/types\/post"}],"author":[{"embeddable":true,"href":"https:\/\/congokin.blog\/index.php?rest_route=\/wp\/v2\/users\/4"}],"replies":[{"embeddable":true,"href":"https:\/\/congokin.blog\/index.php?rest_route=%2Fwp%2Fv2%2Fcomments&post=911"}],"version-history":[{"count":0,"href":"https:\/\/congokin.blog\/index.php?rest_route=\/wp\/v2\/posts\/911\/revisions"}],"wp:attachment":[{"href":"https:\/\/congokin.blog\/index.php?rest_route=%2Fwp%2Fv2%2Fmedia&parent=911"}],"wp:term":[{"taxonomy":"category","embeddable":true,"href":"https:\/\/congokin.blog\/index.php?rest_route=%2Fwp%2Fv2%2Fcategories&post=911"},{"taxonomy":"post_tag","embeddable":true,"href":"https:\/\/congokin.blog\/index.php?rest_route=%2Fwp%2Fv2%2Ftags&post=911"}],"curies":[{"name":"wp","href":"https:\/\/api.w.org\/{rel}","templated":true}]}}