{"id":915,"date":"2018-05-24T00:36:02","date_gmt":"2018-05-24T00:36:02","guid":{"rendered":"https:\/\/congokin.media\/?p=915"},"modified":"2018-05-24T00:36:02","modified_gmt":"2018-05-24T00:36:02","slug":"barnabe-kikaya-hue-lors-dune-conference-debat-a-washington","status":"publish","type":"post","link":"https:\/\/congokin.blog\/?p=915","title":{"rendered":"Barnab\u00e9 Kikaya hu\u00e9 lors d\u2019une conf\u00e9rence-d\u00e9bat \u00e0 Washington"},"content":{"rendered":"<header class=\"row narrow-header\">\n<div class=\"col-lg-10 c-black l-black offset-lg-1\">\n<div class=\"meta row align-items-center\">\n<div class=\"col-lg-6 actual-meta\">\n<div class=\"by-badge c-meta l-black  small d-flex align-items-center\"><span class=\"author\">By\u00a0La R\u00e9daction<\/span><span class=\"date ml-1\">\/ 23 mai 2018<\/span><\/div>\n<\/div>\n<div class=\"col-lg-6 share\"><\/div>\n<\/div>\n<hr class=\"mb-4 mt-1\" \/>\n<h1 class=\"title font-weight-bold mt-3 mb-0\">Barnab\u00e9 Kikaya hu\u00e9 lors d\u2019une conf\u00e9rence-d\u00e9bat \u00e0 Washington<\/h1>\n<\/div>\n<\/header>\n<div class=\"post-container pt-4\">\n<div class=\"row pb-5\">\n<div class=\"col-lg-7 offset-lg-1\n          \"><\/p>\n<div class=\"lead c-meta mb-4 f-main\">\n<p>Le Conseiller sp\u00e9cial du pr\u00e9sident Joseph Kabila en mati\u00e8re de diplomatie, Barnab\u00e9 Kikaya, a \u00e9t\u00e9 hu\u00e9 lors d\u2019une soir\u00e9e organis\u00e9e par le groupe de travail sur la crise en R\u00e9publique D\u00e9mocratique du Congo, au Capitol Hill la semaine derni\u00e8re.<\/p>\n<\/div>\n<div class=\"mb-4\">\n<div class=\"featured-img\"><img decoding=\"async\" src=\"https:\/\/i2.wp.com\/www.politico.cd\/wp-content\/uploads\/2016\/12\/Kikaya_DRCFeature.jpg?fit=1008%2C668\" alt=\"Barnab\u00e9 Kikaya hu\u00e9 lors d\u2019une conf\u00e9rence-d\u00e9bat \u00e0 Washington\" \/><\/div>\n<div class=\"img-caption f-main c-meta small text-right\"><\/div>\n<\/div>\n<div class=\"post-content l-1 lh-black mb-4 clearfix\">\n<p><span class=\"wpsdc-drop-cap\">O<\/span>rganis\u00e9 par le groupe de travail sur les affaires \u00e9trang\u00e8res et la s\u00e9curit\u00e9 nationale du Black Caucus, un groupe du Congr\u00e8s des Etats-Unis,\u00a0 le petit d\u00e9jeuner a rassembl\u00e9 une foule de congolais et d\u2019autres membres de la diaspora africaine, des analystes politiques et au moins 10 des 48 membres du Caucus.<\/p>\n<p>Cependant, selon une vid\u00e9o diffus\u00e9e sur les r\u00e9seaux sociaux et des sources concordantes, la rencontre a donn\u00e9 lieu \u00e0 des hu\u00e9es, des sifflements et des cris \u00ab\u00a0menteur\u00a0\u00bb, lorsque le conseiller sp\u00e9cial du pr\u00e9sident Kabila, l\u2019ambassadeur Barnab\u00e9 Kikaya Bin Karubi, a eu l\u2019occasion de prendre la parole apr\u00e8s les remarques liminaires du mod\u00e9rateur et du panel.<\/p>\n<p>En effet, M. Kikaya, qui \u00e9tait assis au premier rang \u00e0 c\u00f4t\u00e9 de l\u2019ambassadeur de la RDC aux Etats-Unis, Fran\u00e7ois Nkuna Balumuene, s\u2019est attir\u00e9 une vive col\u00e8re des participants lors qu\u2019il a a \u00e9tiquet\u00e9 les jeunes Congolais de la diaspora comme des \u00abproph\u00e8tes de malheur\u00bb qui passent leur temps \u00e0 des r\u00e9unions publiques et sur les r\u00e9seaux sociaux \u00e0 se plaindre de leur propre pays.<\/p>\n<div class=\"code-block code-block-3\"><\/div>\n<p>\u201c<em>Si nous pouvons nous r\u00e9unir ici et parler de la RDC, c\u2019est gr\u00e2ce au pr\u00e9sident Joseph Kabila, qui a restaur\u00e9 la d\u00e9mocratie. Les jeunes congolais passent leurs temps sur les r\u00e9seaux sociaux \u00e0 critiquer cr\u00fbment leur propre pays se transformant en proph\u00e8tes de malheur. La question est de savoir \u00e0 qui profite la division du Congo?<\/em>\u00a0\u00bb a-t-il interrog\u00e9 en anglais.<\/p>\n<div class=\"embed-responsive\">\n<div class=\"SandboxRoot is-touch env-bp-350\" data-twitter-event-id=\"0\">\n<div id=\"twitter-widget-0\" class=\"EmbeddedTweet EmbeddedTweet--edge EmbeddedTweet--mediaForward media-forward js-clickToOpenTarget js-tweetIdInfo tweet-InformationCircle-widgetParent\" lang=\"fr\" data-click-to-open-target=\"https:\/\/twitter.com\/LitsaniChoukran\/status\/999303504136212480\" data-iframe-title=\"Tweet de Twitter\" data-dt-full=\"%{hours24}:%{minutes} - %{day} %{month} %{year}\" data-dt-explicit-timestamp=\"22:58 - 23 mai 2018\" data-dt-months=\"Janv|F\u00e9vr|Mars|Avr|Mai|Juin|Juil|Ao\u00fbt|Sept|Oct|Nov|D\u00e9c\" data-dt-am=\"AM\" data-dt-pm=\"PM\" data-dt-now=\"maintenant\" data-dt-s=\"s\" data-dt-m=\"m\" data-dt-h=\"h\" data-dt-second=\"seconde\" data-dt-seconds=\"secondes\" data-dt-minute=\"minute\" data-dt-minutes=\"minutes\" data-dt-hour=\"heure\" data-dt-hours=\"heures\" data-dt-abbr=\"%{number}%{symbol}\" data-dt-short=\"%{day} %{month}\" data-dt-long=\"%{day} %{month} %{year}\" data-scribe=\"page:tweet\" data-tweet-id=\"999303504136212480\" data-twitter-event-id=\"1\">\n<article class=\"MediaCard\n           MediaCard--mediaForward\n\n           cards-multimedia\n           customisable-border\" dir=\"ltr\" data-scribe=\"component:card\"><\/p>\n<div class=\"MediaCard-media\">\n<div class=\"MediaCard-widthConstraint js-cspForcedStyle\" data-style=\"max-width: 2000px\">\n<div class=\"MediaCard-mediaContainer js-cspForcedStyle\" data-style=\"padding-bottom: 55.0000%\">\n<div class=\"NaturalImage-ctaOverlay PlayButton PlayButton--centered\" data-scribe=\"element:play_button\"><\/div>\n<p><a class=\"MediaCard-mediaAsset MediaCard-mediaPlaceholder NaturalImage NaturalImage--fill js-playableMediaInterstitial\" href=\"https:\/\/twitter.com\/LitsaniChoukran\/status\/999303504136212480\"><img decoding=\"async\" class=\"NaturalImage-image\" src=\"https:\/\/pbs.twimg.com\/ext_tw_video_thumb\/999301651927199745\/pu\/img\/6tJ-hOtL5CZAd3Gu?format=jpg&amp;name=small\" alt=\"\" data-image=\"https:\/\/pbs.twimg.com\/ext_tw_video_thumb\/999301651927199745\/pu\/img\/6tJ-hOtL5CZAd3Gu\" data-scribe=\"element:poster_image\" \/><\/a><\/div>\n<\/div>\n<\/div>\n<\/article>\n<div class=\"EmbeddedTweet-tweet\">\n<blockquote class=\"Tweet h-entry js-tweetIdInfo subject expanded\" cite=\"https:\/\/twitter.com\/LitsaniChoukran\/status\/999303504136212480\" data-tweet-id=\"999303504136212480\" data-scribe=\"section:subject\">\n<div class=\"Tweet-header\"><a class=\"TweetAuthor-avatar Identity-avatar u-linkBlend\" href=\"https:\/\/twitter.com\/LitsaniChoukran\" data-scribe=\"element:user_link\" aria-label=\"Litsani Choukran (nom d'utilisateur : LitsaniChoukran)\"><img decoding=\"async\" class=\"Avatar Avatar--edge\" src=\"https:\/\/pbs.twimg.com\/profile_images\/867528791786237954\/fIsjDjwy_normal.jpg\" alt=\"\" data-scribe=\"element:avatar\" data-src-2x=\"https:\/\/pbs.twimg.com\/profile_images\/867528791786237954\/fIsjDjwy_bigger.jpg\" data-src-1x=\"https:\/\/pbs.twimg.com\/profile_images\/867528791786237954\/fIsjDjwy_normal.jpg\" \/><\/a><\/p>\n<div class=\"TweetAuthor js-inViewportScribingTarget\" data-scribe=\"component:author\">\n<div class=\"TweetAuthor-nameScreenNameContainer\"><span class=\"TweetAuthor-decoratedName\"><span class=\"TweetAuthor-name Identity-name customisable-highlight\" title=\"Litsani Choukran\" data-scribe=\"element:name\">Litsani Choukran<\/span><\/span><span class=\"TweetAuthor-screenName Identity-screenName\" dir=\"ltr\" title=\"@LitsaniChoukran\" data-scribe=\"element:screen_name\">@LitsaniChoukran<\/span><\/div>\n<\/div>\n<div class=\"Tweet-brand\"><\/div>\n<\/div>\n<div class=\"Tweet-body e-entry-content\" data-scribe=\"component:tweet\">\n<div class=\"Tweet-metadata dateline\"><a class=\"u-linkBlend u-url customisable-highlight long-permalink\" href=\"https:\/\/twitter.com\/LitsaniChoukran\/status\/999303504136212480\" data-datetime=\"2018-05-23T14:58:16+0000\" data-scribe=\"element:full_timestamp\"><time class=\"dt-updated\" title=\"Heure de publication : 23 mai 2018 14:58:16 (UTC)\" datetime=\"2018-05-23T14:58:16+0000\">22:58 &#8211; 23 mai 2018<\/time><\/a><\/p>\n<div class=\"u-hiddenVisually js-inViewportScribingTarget\"><\/div>\n<p class=\"Tweet-text e-entry-title\" dir=\"ltr\" lang=\"fr\"><a class=\"PrettyLink profile customisable h-card\" dir=\"ltr\" href=\"https:\/\/twitter.com\/kikayabinkarubi\" data-mentioned-user-id=\"1063755062\" data-scribe=\"element:mention\"><span class=\"PrettyLink-prefix\">@<\/span><span class=\"PrettyLink-value\">kikayabinkarubi<\/span><\/a> : \u00ab\u00a0Les jeunes congolais passent leur temps sur les r\u00e9seaux sociaux \u00e0 critiquer leur propre pays, se transformant en proph\u00e8tes de malheur. La question est de savoir \u00e0 qui profite la division du Congo?\u00a0\u00bb <span class=\"PrettyLink-prefix\">#<\/span><span class=\"PrettyLink-value\">RDC<\/span><\/p>\n<\/div>\n<\/div>\n<\/blockquote>\n<\/div>\n<\/div>\n<div class=\"resize-sensor\"><\/div>\n<\/div>\n<\/div>\n<p>En r\u00e9ponse, la salle a \u00e9clat\u00e9 avec un ch\u0153ur de cris de col\u00e8re, tandis que l\u2019animatrice du panel, l\u2019ambassadrice Linda Thomas-Greenfield, rejointe par l\u2019organisatrice de l\u2019\u00e9v\u00e9nement, la d\u00e9put\u00e9e Karen Bass, a lutt\u00e9 pour r\u00e9tablir l\u2019ordre.<\/p>\n<\/div>\n<\/div>\n<\/div>\n<\/div>\n<div style=\"text-align:center\" class=\"wps-pgfw-pdf-generate-icon__wrapper-frontend\">\n\t\t<a href=\"https:\/\/congokin.blog?action=genpdf&amp;id=915\" class=\"pgfw-single-pdf-download-button\" ><img src=\"https:\/\/congokin.blog\/wp-content\/plugins\/pdf-generator-for-wp\/admin\/src\/images\/PDF_Tray.svg\" title=\"G\u00e9n\u00e9rer un PDF\" style=\"width:auto; height:45px;\"><\/a>\n\t\t<\/div>","protected":false},"excerpt":{"rendered":"<p>By\u00a0La R\u00e9daction\/ 23 mai 2018 Barnab\u00e9 Kikaya hu\u00e9 lors d\u2019une conf\u00e9rence-d\u00e9bat \u00e0 Washington Le Conseiller sp\u00e9cial du pr\u00e9sident Joseph Kabila en mati\u00e8re de diplomatie, Barnab\u00e9 Kikaya, a \u00e9t\u00e9 hu\u00e9 lors d\u2019une soir\u00e9e organis\u00e9e par le groupe de travail sur la crise en R\u00e9publique D\u00e9mocratique du Congo, au Capitol Hill la semaine derni\u00e8re. Organis\u00e9 par le [&hellip;]<\/p>\n","protected":false},"author":4,"featured_media":0,"comment_status":"open","ping_status":"closed","sticky":false,"template":"","format":"standard","meta":{"footnotes":""},"categories":[7],"tags":[],"class_list":["post-915","post","type-post","status-publish","format-standard","hentry","category-politique"],"_links":{"self":[{"href":"https:\/\/congokin.blog\/index.php?rest_route=\/wp\/v2\/posts\/915","targetHints":{"allow":["GET"]}}],"collection":[{"href":"https:\/\/congokin.blog\/index.php?rest_route=\/wp\/v2\/posts"}],"about":[{"href":"https:\/\/congokin.blog\/index.php?rest_route=\/wp\/v2\/types\/post"}],"author":[{"embeddable":true,"href":"https:\/\/congokin.blog\/index.php?rest_route=\/wp\/v2\/users\/4"}],"replies":[{"embeddable":true,"href":"https:\/\/congokin.blog\/index.php?rest_route=%2Fwp%2Fv2%2Fcomments&post=915"}],"version-history":[{"count":0,"href":"https:\/\/congokin.blog\/index.php?rest_route=\/wp\/v2\/posts\/915\/revisions"}],"wp:attachment":[{"href":"https:\/\/congokin.blog\/index.php?rest_route=%2Fwp%2Fv2%2Fmedia&parent=915"}],"wp:term":[{"taxonomy":"category","embeddable":true,"href":"https:\/\/congokin.blog\/index.php?rest_route=%2Fwp%2Fv2%2Fcategories&post=915"},{"taxonomy":"post_tag","embeddable":true,"href":"https:\/\/congokin.blog\/index.php?rest_route=%2Fwp%2Fv2%2Ftags&post=915"}],"curies":[{"name":"wp","href":"https:\/\/api.w.org\/{rel}","templated":true}]}}