{"id":919,"date":"2018-05-24T00:41:11","date_gmt":"2018-05-24T00:41:11","guid":{"rendered":"https:\/\/congokin.media\/?p=919"},"modified":"2018-05-24T00:41:11","modified_gmt":"2018-05-24T00:41:11","slug":"dc-nouvelle-charge-americaine-contre-le-regime-kabila","status":"publish","type":"post","link":"https:\/\/congokin.blog\/?p=919","title":{"rendered":"DC : Nouvelle charge am\u00e9ricaine contre le r\u00e9gime Kabila"},"content":{"rendered":"<h1 class=\"post_title\">DC : Nouvelle charge am\u00e9ricaine contre le r\u00e9gime Kabila<\/h1>\n<ul class=\"post_details clearfix\">\n<li class=\"detail category\">23 mai 2018<\/li>\n<li class=\"detail author\">Hubert Leclercq<\/li>\n<\/ul>\n<p><a class=\"post_image page_margin_top margin_bottom_0 prettyPhoto\" title=\"RDC : Nouvelle charge am\u00e9ricaine contre le r\u00e9gime Kabila\" href=\"https:\/\/afrique.lalibre.be\/app\/uploads\/2018\/05\/booker.jpg\"><img loading=\"lazy\" decoding=\"async\" class=\"attachment-small-slider-thumb size-small-slider-thumb wp-post-image\" title=\"\" src=\"https:\/\/afrique.lalibre.be\/app\/uploads\/2018\/05\/booker.jpg\" sizes=\"auto, (max-width: 640px) 100vw, 640px\" srcset=\"https:\/\/afrique.lalibre.be\/app\/uploads\/2018\/05\/booker.jpg 640w, https:\/\/afrique.lalibre.be\/app\/uploads\/2018\/05\/booker-524x350.jpg 524w\" alt=\"RDC : Nouvelle charge am\u00e9ricaine contre le r\u00e9gime Kabila\" width=\"640\" height=\"427\" \/><\/a><\/p>\n<div class=\"post_content page_margin_top_section clearfix\">\n<div class=\"content_box full_width\">\n<p>Une r\u00e9solution r\u00e9dig\u00e9e par les s\u00e9nateurs Cory Booker (d\u00e9mocrate du New Jersey) et Jeff Flake (r\u00e9publicain de l\u2019Arizona) vient d\u2019\u00eatre approuv\u00e9e \u00e0 la commission des affaires \u00e9trang\u00e8res du S\u00e9nat am\u00e9ricain.<\/p>\n<div class=\"text\">\n<p>Le texte, d\u00e9j\u00e0 pr\u00e9sent\u00e9 en janvier, exhorte la RDC \u00ab\u00a0\u00e0 prendre des mesures concr\u00e8tes pour\u00a0<span lang=\"fr\">assurer le transfert pacifique du pouvoir en organisant des \u00e9lections libres et \u00e9quitables avant la fin de l\u2019ann\u00e9e\u00a0\u00bb.<\/span><\/p>\n<p><span lang=\"fr\">\u00ab\u00a0Le pr\u00e9sident de la RDC, Joseph Kabila, a refus\u00e9 de respecter un accord n\u00e9goci\u00e9 en 2016 pour organiser des \u00e9lections en 2017, menant \u00e0 une r\u00e9pression politique inacceptable avec les forces de s\u00e9curit\u00e9 agissant en toute impunit\u00e9, aggravant ainsi une crise humanitaire d\u00e9j\u00e0 \u00e9pouvantable\u00a0\u00bb, explique Cory Booker, pr\u00e9sent\u00e9 comme un des successeurs potentiels de Barack Obama \u00e0 la t\u00eate des d\u00e9mocrates,<\/span><\/p>\n<p><span lang=\"fr\">\u00ab\u00a0La r\u00e9solution appelle \u00e9galement le gouvernement de la RDC \u00e0 permettre une enqu\u00eate cr\u00e9dible et ind\u00e9pendante sur le meurtre de Zaida Catalan et de l\u2019Am\u00e9ricain Michael Sharp, deux enqu\u00eateurs des Nations Unies travaillant en RDC\u00a0\u00bb, mart\u00e8le encore M. Booker qui d\u00e9montre de la sorte que les Etats-Unis sne se contentent pas dans ce dossier des explications poussives donn\u00e9es par Kinshasa.<\/span><\/p>\n<p><strong>Pr\u00eats pour des sanctions plus s\u00e9v\u00e8res<\/strong><\/p>\n<p>Et le s\u00e9nateur du New Jersey va plus loin.\u00a0\u00ab\u00a0La d\u00e9cision du pr\u00e9sident Kabila de rester en fonction au-del\u00e0 de son mandat constitutionnel a engendr\u00e9 des conditions humanitaires d\u00e9sastreuses et fait na\u00eetre une crise politique prolong\u00e9e. Plus de 4,5 millions de personnes ont \u00e9t\u00e9 d\u00e9plac\u00e9es dans le pays et plus de 735.000 r\u00e9fugi\u00e9s ont fui vers les pays voisins. Cette r\u00e9solution envoie un message clair au pr\u00e9sident Kabila, au gouvernement de la RDC et au peuple congolais. Elle dit clairement que les \u00c9tats-Unis surveillent de pr\u00e8s ce qui se passe en RDC mais aussi que nous sommes pr\u00eats \u00e0 relever de mani\u00e8re significative les sanctions contre tous ceux qui continuent d\u2019entraver un processus \u00e9lectoral libre et \u00e9quitable\u00a0\u00bb.<\/p>\n<\/div>\n<\/div>\n<\/div>\n<div style=\"text-align:center\" class=\"wps-pgfw-pdf-generate-icon__wrapper-frontend\">\n\t\t<a href=\"https:\/\/congokin.blog?action=genpdf&amp;id=919\" class=\"pgfw-single-pdf-download-button\" ><img src=\"https:\/\/congokin.blog\/wp-content\/plugins\/pdf-generator-for-wp\/admin\/src\/images\/PDF_Tray.svg\" title=\"G\u00e9n\u00e9rer un PDF\" style=\"width:auto; height:45px;\"><\/a>\n\t\t<\/div>","protected":false},"excerpt":{"rendered":"<p>DC : Nouvelle charge am\u00e9ricaine contre le r\u00e9gime Kabila 23 mai 2018 Hubert Leclercq Une r\u00e9solution r\u00e9dig\u00e9e par les s\u00e9nateurs Cory Booker (d\u00e9mocrate du New Jersey) et Jeff Flake (r\u00e9publicain de l\u2019Arizona) vient d\u2019\u00eatre approuv\u00e9e \u00e0 la commission des affaires \u00e9trang\u00e8res du S\u00e9nat am\u00e9ricain. Le texte, d\u00e9j\u00e0 pr\u00e9sent\u00e9 en janvier, exhorte la RDC \u00ab\u00a0\u00e0 prendre [&hellip;]<\/p>\n","protected":false},"author":4,"featured_media":0,"comment_status":"open","ping_status":"closed","sticky":false,"template":"","format":"standard","meta":{"footnotes":""},"categories":[7],"tags":[],"class_list":["post-919","post","type-post","status-publish","format-standard","hentry","category-politique"],"_links":{"self":[{"href":"https:\/\/congokin.blog\/index.php?rest_route=\/wp\/v2\/posts\/919","targetHints":{"allow":["GET"]}}],"collection":[{"href":"https:\/\/congokin.blog\/index.php?rest_route=\/wp\/v2\/posts"}],"about":[{"href":"https:\/\/congokin.blog\/index.php?rest_route=\/wp\/v2\/types\/post"}],"author":[{"embeddable":true,"href":"https:\/\/congokin.blog\/index.php?rest_route=\/wp\/v2\/users\/4"}],"replies":[{"embeddable":true,"href":"https:\/\/congokin.blog\/index.php?rest_route=%2Fwp%2Fv2%2Fcomments&post=919"}],"version-history":[{"count":0,"href":"https:\/\/congokin.blog\/index.php?rest_route=\/wp\/v2\/posts\/919\/revisions"}],"wp:attachment":[{"href":"https:\/\/congokin.blog\/index.php?rest_route=%2Fwp%2Fv2%2Fmedia&parent=919"}],"wp:term":[{"taxonomy":"category","embeddable":true,"href":"https:\/\/congokin.blog\/index.php?rest_route=%2Fwp%2Fv2%2Fcategories&post=919"},{"taxonomy":"post_tag","embeddable":true,"href":"https:\/\/congokin.blog\/index.php?rest_route=%2Fwp%2Fv2%2Ftags&post=919"}],"curies":[{"name":"wp","href":"https:\/\/api.w.org\/{rel}","templated":true}]}}