{"id":925,"date":"2018-05-24T01:00:02","date_gmt":"2018-05-24T01:00:02","guid":{"rendered":"https:\/\/congokin.media\/?p=925"},"modified":"2018-05-24T01:00:02","modified_gmt":"2018-05-24T01:00:02","slug":"angola-un-diplomate-limoge-pour-avoir-assiste-a-linauguration-de-lambassade-americaine-a-jerusalem","status":"publish","type":"post","link":"https:\/\/congokin.blog\/?p=925","title":{"rendered":"Angola : un diplomate limog\u00e9 pour avoir assist\u00e9 \u00e0 l\u2019inauguration de l\u2019ambassade am\u00e9ricaine \u00e0 J\u00e9rusalem"},"content":{"rendered":"<div class=\"art-header\">\n<h1>Angola : un diplomate limog\u00e9 pour avoir assist\u00e9 \u00e0 l\u2019inauguration de l\u2019ambassade am\u00e9ricaine \u00e0 J\u00e9rusalem<\/h1>\n<p><time class=\"art-date\" datetime=\"2018-05-23T16:03:13Z\">23 mai 2018 \u00e0 18h03<\/time><\/div>\n<div id=\"content\" class=\"col-sm-8\">\n<article id=\"post-561800\" class=\"art-content\">\n<div class=\"art-author tracking-click-evt-ga\" data-category=\"Corps Article\" data-label=\"Auteur Toolbox\">\n<div class=\"author-desc\">Par Jeune Afrique<\/div>\n<\/div>\n<div class=\"art-toolbox\"><\/div>\n<figure class=\"thumbnail art-thumbnail-lead\"><img decoding=\"async\" src=\"http:\/\/www.jeuneafrique.com\/medias\/2017\/12\/24\/sipa_ap22135362_000014-e1514131597457-592x296-1516882539.jpg\" \/><\/figure>\n<div class=\"art-text ja-teads-inread\">\n<p class=\"lead\">Le diplomate angolais a \u00e9t\u00e9 licenci\u00e9 mardi. Dans la foul\u00e9e, le pr\u00e9sident angolais a tenu un discours de fermet\u00e9 face aux ambassadeurs m\u00ealant red\u00e9finition des missions, mise en garde contre le n\u00e9potisme et refonte des passeports diplomatiques.<\/p>\n<aside class=\"read-also-block-dossier tracking-click-evt-ga\" data-category=\"Corps Article\" data-label=\"A lire aussi left\">\n<header class=\"read-also-heading\"><\/header>\n<div class=\"read-also-body\"><\/div>\n<\/aside>\n<p>Manuel Domingos Augusto, le ministre angolais des Affaires \u00e9trang\u00e8res, a annonc\u00e9 le limogeage de Jo\u00e3o Diogo Fortunato, ministre conseiller \u00e0 l\u2019ambassade angolaise de Tel Aviv. Sa faute ? Avoir particip\u00e9 \u00e0 l\u2019inauguration de l\u2019ambassade am\u00e9ricaine \u00e0 J\u00e9rusalem (qui \u00e9tait auparavant \u00e0 Tel Aviv), le 14 mai, qui a suscit\u00e9 des heurts lors desquels\u00a0plusieurs dizaines de Palestiniens ont \u00e9t\u00e9 tu\u00e9s dans la bande de Gaza\u00a0et l\u2019indignation d\u2019une partie de la communaut\u00e9 internationale.<\/p>\n<p>Pour l\u2019avoir autoris\u00e9 \u00e0 s\u2019y rendre, Joaquim do Esp\u00edrito Santo, directeur du d\u00e9partement pour l\u2019Afrique, le Moyen-Orient et les organisations r\u00e9gionales du minist\u00e8re des Affaires \u00e9trang\u00e8res de Luanda, a subi le m\u00eame sort.<\/p>\n<hr \/>\n<p>Selon Manuel Domingos Augusto, ces d\u00e9cisions ont \u00e9t\u00e9 prises \u00e0 cause du \u00ab\u00a0non-respect des proc\u00e9dures de la cha\u00eene de d\u00e9cision interne et parce que [cette initiative a port\u00e9] atteinte \u00e0 la bonne r\u00e9putation et \u00e0 l\u2019image de l\u2019Angola aupr\u00e8s des pays avec lesquels il entretient une relation diplomatique historique\u00a0\u00bb. Pays dont fait partie l\u2019Autorit\u00e9 palestinienne, dont\u00a0le pr\u00e9sident Mahmoud Abbas est r\u00e9guli\u00e8rement invit\u00e9 aux Sommets de l\u2019Union africaine.<\/p>\n<p>Si les m\u00e9dias isra\u00e9liens, qui se sont fait l\u2019\u00e9cho de cette information, rappellent que l\u2019\u00c9tat juif a historiquement toujours entretenu de bonnes relations avec Luanda \u2013 notamment dans le commerce des armes et des diamants\u2026 -, ils ajoutent \u00e9galement qu\u2019en 2016, l\u2019Angola avait subi les foudres de Tel Aviv lorsqu\u2019elle avait soutenu une r\u00e9solution du Conseil de s\u00e9curit\u00e9 de l\u2019ONU condamnant la construction de colonies isra\u00e9liennes\u00a0en Territoires palestiniens.<\/p>\n<h2>M\u00e9nage \u00e0 venir dans le corps diplomatique<\/h2>\n<p>Ces limogeages dans la diplomatie angolaise pourraient\u00a0bien\u00a0ne pas \u00eatre les derniers. Lors de la c\u00e9r\u00e9monie d\u2019ouverture de la 8e r\u00e9union des ambassadeurs angolais, \u00e0 Luanda mercredi 23 mai, Jo\u00e3o Louren\u00e7o a tenu des propos plut\u00f4t fermes. Il a par exemple exig\u00e9 une diplomatie plus efficace pour attirer les investissements priv\u00e9s et \u00e9trangers, et faire de l\u2019Angola une destination touristique, selon des propos rapport\u00e9s par la presse officielle.<\/p>\n<hr \/>\n<p>Il a \u00e9galement annonc\u00e9 la rationalisation des ressources, la r\u00e9duction des missions diplomatiques et consulaires. \u00ab\u00a0Il n\u2019y aura pas de tol\u00e9rance pour la mauvaise gestion financi\u00e8re et patrimoniale ou le n\u00e9potisme pratiqu\u00e9 par les hauts cadres du minist\u00e8re ou les chefs des missions diplomatiques\u00a0\u00bb, a-t-il pr\u00e9venu.<\/p>\n<p>Le chef de l\u2019\u00c9tat \u00e9lu il y a moins d\u2019un an a par ailleurs demand\u00e9 de faire le m\u00e9nage parmi les personnels disposant d\u2019un passeport diplomatique, \u00ab\u00a0afin de mettre un terme \u00e0 l\u2019\u00e9tat actuel de banalisation de ce document \u00e0 validit\u00e9 internationale\u00a0\u00bb. Et de pr\u00e9ciser : \u00ab\u00a0Les autorit\u00e9s vont certainement recueillir ou tout au moins de ne pas renouveler un certain nombre de passeports en possession des citoyens qui, jusqu\u2019\u00e0 preuve du contraire, ne peuvent exercer, n\u2019ont jamais exerc\u00e9 ou n\u2019ont exerc\u00e9 aucune fonction qui leur permet d\u2019\u00eatre porteurs de ce document.\u00a0\u00bb<\/p>\n<\/div>\n<\/article>\n<\/div>\n<div style=\"text-align:center\" class=\"wps-pgfw-pdf-generate-icon__wrapper-frontend\">\n\t\t<a href=\"https:\/\/congokin.blog?action=genpdf&amp;id=925\" class=\"pgfw-single-pdf-download-button\" ><img src=\"https:\/\/congokin.blog\/wp-content\/plugins\/pdf-generator-for-wp\/admin\/src\/images\/PDF_Tray.svg\" title=\"G\u00e9n\u00e9rer un PDF\" style=\"width:auto; height:45px;\"><\/a>\n\t\t<\/div>","protected":false},"excerpt":{"rendered":"<p>Angola : un diplomate limog\u00e9 pour avoir assist\u00e9 \u00e0 l\u2019inauguration de l\u2019ambassade am\u00e9ricaine \u00e0 J\u00e9rusalem 23 mai 2018 \u00e0 18h03 Par Jeune Afrique Le diplomate angolais a \u00e9t\u00e9 licenci\u00e9 mardi. Dans la foul\u00e9e, le pr\u00e9sident angolais a tenu un discours de fermet\u00e9 face aux ambassadeurs m\u00ealant red\u00e9finition des missions, mise en garde contre le n\u00e9potisme [&hellip;]<\/p>\n","protected":false},"author":4,"featured_media":0,"comment_status":"open","ping_status":"closed","sticky":false,"template":"","format":"standard","meta":{"footnotes":""},"categories":[7],"tags":[],"class_list":["post-925","post","type-post","status-publish","format-standard","hentry","category-politique"],"_links":{"self":[{"href":"https:\/\/congokin.blog\/index.php?rest_route=\/wp\/v2\/posts\/925","targetHints":{"allow":["GET"]}}],"collection":[{"href":"https:\/\/congokin.blog\/index.php?rest_route=\/wp\/v2\/posts"}],"about":[{"href":"https:\/\/congokin.blog\/index.php?rest_route=\/wp\/v2\/types\/post"}],"author":[{"embeddable":true,"href":"https:\/\/congokin.blog\/index.php?rest_route=\/wp\/v2\/users\/4"}],"replies":[{"embeddable":true,"href":"https:\/\/congokin.blog\/index.php?rest_route=%2Fwp%2Fv2%2Fcomments&post=925"}],"version-history":[{"count":0,"href":"https:\/\/congokin.blog\/index.php?rest_route=\/wp\/v2\/posts\/925\/revisions"}],"wp:attachment":[{"href":"https:\/\/congokin.blog\/index.php?rest_route=%2Fwp%2Fv2%2Fmedia&parent=925"}],"wp:term":[{"taxonomy":"category","embeddable":true,"href":"https:\/\/congokin.blog\/index.php?rest_route=%2Fwp%2Fv2%2Fcategories&post=925"},{"taxonomy":"post_tag","embeddable":true,"href":"https:\/\/congokin.blog\/index.php?rest_route=%2Fwp%2Fv2%2Ftags&post=925"}],"curies":[{"name":"wp","href":"https:\/\/api.w.org\/{rel}","templated":true}]}}