{"id":931,"date":"2018-05-24T01:09:07","date_gmt":"2018-05-24T01:09:07","guid":{"rendered":"https:\/\/congokin.media\/?p=931"},"modified":"2018-05-24T01:09:07","modified_gmt":"2018-05-24T01:09:07","slug":"attaques-des-casques-bleus-et-massacres-a-mangboko-beni-ce-dimanche-20-mai-2018-les-assaillants-ont-opere-avec-la-collaboration-de-la-police-et-des-fardc","status":"publish","type":"post","link":"https:\/\/congokin.blog\/?p=931","title":{"rendered":"Attaques des casques bleus et Massacres \u00e0 Mangboko (Beni) ce dimanche 20 mai 2018\u00a0: Les assaillants ont op\u00e9r\u00e9 avec la collaboration de la police et des Fardc\u00a0!"},"content":{"rendered":"<div class=\"single-post-thumb\"><img loading=\"lazy\" decoding=\"async\" class=\"attachment-slider size-slider wp-post-image\" src=\"http:\/\/benilubero.com\/wp-content\/uploads\/2017\/11\/IMG-20171105-WA0004.jpg\" sizes=\"auto, (max-width: 554px) 100vw, 554px\" srcset=\"http:\/\/benilubero.com\/wp-content\/uploads\/2017\/11\/IMG-20171105-WA0004.jpg 720w, http:\/\/benilubero.com\/wp-content\/uploads\/2017\/11\/IMG-20171105-WA0004-300x179.jpg 300w, http:\/\/benilubero.com\/wp-content\/uploads\/2017\/11\/IMG-20171105-WA0004-500x298.jpg 500w\" alt=\"\" width=\"554\" height=\"330\" \/><\/div>\n<div><img decoding=\"async\" src=\"http:\/\/benilubero.com\/wp-content\/uploads\/2017\/11\/IMG-20171105-WA0004.jpg\" \/><\/div>\n<div class=\"single-post-caption\">Voici le genre de militaires que Kabila privil\u00e9gie \u00e0 Beni. La population s&rsquo;y oppose car ce sont des assassins<\/div>\n<div class=\"post-inner\">\n<h1 class=\"name post-title entry-title\">Attaques des casques bleus et Massacres \u00e0 Mangboko (Beni) ce dimanche 20 mai 2018\u00a0: Les assaillants ont op\u00e9r\u00e9 avec la collaboration de la police et des Fardc\u00a0!<\/h1>\n<div class=\"entry\">\n<p>Comme d\u2019habitude, Benilubero est \u00ab\u00a0envahi\u00a0\u00bb par des coups de t\u00e9l\u00e9phone, depuis ce \u00e9ni\u00e8me massacre\u00a0! Trois jours apr\u00e8s, le myst\u00e8re est lev\u00e9.<\/p>\n<p>Que s\u2019est-il pass\u00e9\u00a0?<\/p>\n<p>Il est environs 16 h30, raconte un habitant de Mangboko dont nous taisons le nom pour des raisons de s\u00e9curit\u00e9. Un groupe d\u2019hommes, de femmes et d\u2019enfants arrivent \u00e0 Mangboko, un village situ\u00e9 entre Mavivi et Mbau et s\u2019infiltre dans le quartier sans qu\u2019ils ne saluent personne. Leur mouvement est suspect. Un homme va tout de suite trouver la police locale pour l\u2019alerter. A sa grande surprise, le commandant de la police, un ancien membre de l\u2019\u00e9quipe du G\u00e9n\u00e9ral Mundos, le rabroue et le met en garde contre ses propos qu\u2019il qualifie des fausses alertes avec comme seul objectif de semer la panique au sein de la population. Entre temps, un chef du quartier se rend \u00e0 la base des Fardc pour les alerter de cette pr\u00e9sence que tout le monde trouve suspecte. Comme le commandant de la police, les militaires le haranguent, le traitent de trouble-f\u00eate et le menacent de repr\u00e9sailles s\u2019il continue \u00e0 en parler. Malgr\u00e9 qu\u2019il insiste, le commandant ne prend aucune disposition pour aller voir ce qui se passe.<\/p>\n<p>Le soir vers 19h00, arrive un v\u00e9hicule de la Monusco. Les assaillants sortent de leur lieu de cachette et lancent une attaque contre les casques bleus. Pendant que certains m\u00e8nent cette attaque, d\u2019autres commencent \u00e0 tirer sur les populations. C\u2019est le sauve-qui-peut\u00a0! Dans ce mouvement de panique, les assaillants entrent dans les maisons, pillent tout ce qu\u2019ils y trouvent et tirent \u00e0 bout portant sur ceux qui n\u2019avaient pas pris la fuite. Tout cela se passe \u00e0 quelques centaines des m\u00e8tres de la police et des Fardc sans que ces derniers n\u2019interviennent\u00a0!<\/p>\n<p>Contrairement \u00e0 ce que le porte-parole des Fardc vient de d\u00e9clarer sur radio-okapi, dans le journal de ce mardi 23 mai 2018, et qui, disons-le en passant, reconna\u00eet que l\u2019ennemi est arriv\u00e9 dans le milieu pendant la journ\u00e9e, les militaires et la police ont \u00e9t\u00e9 alert\u00e9s \u00e0 temps. Et \u00e0 consid\u00e9rer la mani\u00e8re dont ils ont r\u00e9agi aux alertes de la population, il n\u2019y a aucun doute que l\u2019assaillant \u00e9tait de leurs. La complicit\u00e9 est patente. D\u2019ailleurs, la suite des \u00e9v\u00e9nements le confirme.<\/p>\n<p>Tr\u00e8s t\u00f4t matin, alors qu\u2019il fait encore sombre, des villageois qui s\u2019\u00e9taient r\u00e9fugi\u00e9s dans la brousse derri\u00e8re les maisons, voient arriver et s\u2019arr\u00eater une camionnette des Fardc. A leur grande surprise, ils voient des assaillants monter dans la camionnette avec les biens pill\u00e9s. Et sans tarder, \u00e0 toute allure, la camionnette prend la direction de Mbau o\u00f9 selon les t\u00e9moins ne va pas continuer jusqu\u2019\u00e0 Oicha mais va prendre la route de Kamango. C\u2019est alors quelques que la police et les militaires vont arriver\u00a0quelques heures apr\u00e8s pour observer les d\u00e9g\u00e2ts. Le bilan est trop lourd ! Plus de 12 personnes tu\u00e9es. Parmi elles, toute une famille d\u00e9cim\u00e9e. La chanson est connue. Nos vaillantes forces sont en train de poursuivre l\u2019ennemi pour le mettre hors d\u2019\u00e9tat de nuire. Nous en appelons \u00e0 la population \u00e0 la prudence, \u00e0 la collaboration avec l\u2019arm\u00e9e et alerter tout mouvement suspect, face \u00e0 cette guerre asym\u00e9trique.<\/p>\n<p>C\u2019est inadmissible\u00a0! L\u2019assaillant est arriv\u00e9 la journ\u00e9e du dimanche 20 et reparti le lundi 21 matin\u00a0!<\/p>\n<p>Une fois de plus, Benilubero d\u00e9nonce et condamne cette complicit\u00e9 du r\u00e9gime dans les massacres bien planifi\u00e9s. Nous ne cesserons jamais de le dire. L\u2019ADF n\u2019existe pas. Les pr\u00e9sum\u00e9s ADF \u00a0qui massacrent \u00e0 Beni sont la cr\u00e9ation du r\u00e9gime en place et op\u00e8rent de l\u2019int\u00e9rieur-m\u00eame de l\u2019arm\u00e9e o\u00f9 Joseph Kabila a r\u00e9ussi \u00e0 infiltrer ses escadrons de mort, comme l\u2019avait d\u00e9nonc\u00e9 le P\u00e8re Vincent Machozi en des termes on ne peut clairs. Ainsi la veille de\u00a0son assassinat\u00a0\u00a0appela-t-il les congolais \u00e0 ne jamais prendre le risque de rallonger le mandat de Kabila au-del\u00e0 de d\u00e9cembre 2016. Aujourd\u2019hui l\u2019histoire lui donne raison\u2026<\/p>\n<p>&nbsp;<\/p>\n<p>\u00a9Beni-Lubero Online.<\/p>\n<p>au est de nouveau sous le choc ce lundi 21 mai 2018. Des r\u00e9seaux sociaux annoncent un massacre sans pareille \u00e0 quelques kilom\u00e8tres de la paroisse o\u00f9 la veille la population \u00e9tait en liesse de voir leur paroisse de nouveau fonctionnelle, apr\u00e8s plus de 5 ans de fermeture, \u00e0 la suite de l\u2019enl\u00e8vement des 3 P\u00e8res Assomptionnistes dont on n\u2019a aucune nouvelle jusqu\u2019\u00e0 ce jour.\u00a0 \u00ab\u00a0Des pr\u00e9sum\u00e9s Adf ont de nouveau frapp\u00e9\u00a0\u00bb, peut-on lire dans des messages. \u00ab\u00a0Mangboko d\u00e9vast\u00e9e\u00a0! La population est en d\u00e9bandade\u00a0!\u00a0\u00bb.<\/p><\/div>\n<\/div>\n<div style=\"text-align:center\" class=\"wps-pgfw-pdf-generate-icon__wrapper-frontend\">\n\t\t<a href=\"https:\/\/congokin.blog?action=genpdf&amp;id=931\" class=\"pgfw-single-pdf-download-button\" ><img src=\"https:\/\/congokin.blog\/wp-content\/plugins\/pdf-generator-for-wp\/admin\/src\/images\/PDF_Tray.svg\" title=\"G\u00e9n\u00e9rer un PDF\" style=\"width:auto; height:45px;\"><\/a>\n\t\t<\/div>","protected":false},"excerpt":{"rendered":"<p>Voici le genre de militaires que Kabila privil\u00e9gie \u00e0 Beni. La population s&rsquo;y oppose car ce sont des assassins Attaques des casques bleus et Massacres \u00e0 Mangboko (Beni) ce dimanche 20 mai 2018\u00a0: Les assaillants ont op\u00e9r\u00e9 avec la collaboration de la police et des Fardc\u00a0! Comme d\u2019habitude, Benilubero est \u00ab\u00a0envahi\u00a0\u00bb par des coups de [&hellip;]<\/p>\n","protected":false},"author":4,"featured_media":0,"comment_status":"open","ping_status":"closed","sticky":false,"template":"","format":"standard","meta":{"footnotes":""},"categories":[7],"tags":[],"class_list":["post-931","post","type-post","status-publish","format-standard","hentry","category-politique"],"_links":{"self":[{"href":"https:\/\/congokin.blog\/index.php?rest_route=\/wp\/v2\/posts\/931","targetHints":{"allow":["GET"]}}],"collection":[{"href":"https:\/\/congokin.blog\/index.php?rest_route=\/wp\/v2\/posts"}],"about":[{"href":"https:\/\/congokin.blog\/index.php?rest_route=\/wp\/v2\/types\/post"}],"author":[{"embeddable":true,"href":"https:\/\/congokin.blog\/index.php?rest_route=\/wp\/v2\/users\/4"}],"replies":[{"embeddable":true,"href":"https:\/\/congokin.blog\/index.php?rest_route=%2Fwp%2Fv2%2Fcomments&post=931"}],"version-history":[{"count":0,"href":"https:\/\/congokin.blog\/index.php?rest_route=\/wp\/v2\/posts\/931\/revisions"}],"wp:attachment":[{"href":"https:\/\/congokin.blog\/index.php?rest_route=%2Fwp%2Fv2%2Fmedia&parent=931"}],"wp:term":[{"taxonomy":"category","embeddable":true,"href":"https:\/\/congokin.blog\/index.php?rest_route=%2Fwp%2Fv2%2Fcategories&post=931"},{"taxonomy":"post_tag","embeddable":true,"href":"https:\/\/congokin.blog\/index.php?rest_route=%2Fwp%2Fv2%2Ftags&post=931"}],"curies":[{"name":"wp","href":"https:\/\/api.w.org\/{rel}","templated":true}]}}