{"id":9536,"date":"2022-08-04T12:04:52","date_gmt":"2022-08-04T12:04:52","guid":{"rendered":"https:\/\/congokin.blog\/?p=9536"},"modified":"2022-08-04T12:04:53","modified_gmt":"2022-08-04T12:04:53","slug":"quelle-est-la-raison-de-lacharnement-americain-sur-gertler-le-milliardaire-israelien-qui-avait-sauve-la-rdc-de-la-balkanisation","status":"publish","type":"post","link":"https:\/\/congokin.blog\/?p=9536","title":{"rendered":"Quelle est la raison de l&rsquo;acharnement am\u00e9ricain sur Gertler, le milliardaire isra\u00e9lien qui avait sauv\u00e9 la RDC de la balkanisation?"},"content":{"rendered":"\n<h1 class=\"wp-block-heading\">De Washington \u00e0 Kinshasa, l\u2019\u00ab&nbsp;op\u00e9ration survie&nbsp;\u00bb de Dan Gertler<\/h1>\n\n\n\n<h2 class=\"wp-block-heading\">\u00ab Dieu, le Congo et lui \u00bb (4\/4). Rien ne va plus pour le magnat des mines : il est toujours sous sanctions, Kabila a quitt\u00e9 le pouvoir, l\u2019administration Biden ne l\u2019appr\u00e9cie gu\u00e8re\u2026 Mais depuis f\u00e9vrier 2022, il a conclu un accord avec le gouvernement congolais. Parviendra-t-il \u00e0 rebondir&nbsp;? Dernier \u00e9pisode de notre s\u00e9rie.<\/h2>\n\n\n\n<p><\/p>\n\n\n\n<p>4 ao\u00fbt 2022 \u00e0 10:05<\/p>\n\n\n\n<p>Par&nbsp;<a href=\"https:\/\/www.jeuneafrique.com\/auteurs\/m.olivier\/\">Mathieu Olivier<\/a>&nbsp;et&nbsp;<a href=\"https:\/\/www.jeuneafrique.com\/auteurs\/romain.gras\/\">Romain Gras<\/a>&nbsp;&#8211; envoy\u00e9s sp\u00e9ciaux \u00e0 Tel-Aviv<\/p>\n\n\n\n<p>Mis \u00e0 jour le 4 ao\u00fbt 2022 \u00e0 10:35<\/p>\n\n\n\n<figure class=\"wp-block-image is-style-zoooom\"><img decoding=\"async\" src=\"https:\/\/www.jeuneafrique.com\/cdn-cgi\/image\/q=80,f=auto,metadata=none,width=1256,height=628\/https:\/\/www.jeuneafrique.com\/medias\/2022\/07\/29\/enquete-dan-gertler_episode-4-1256x628.jpg\" alt=\"\"\/><figcaption>L\u2019accord entre la RDC et le groupe Ventora, de l\u2019homme d\u2019affaires Dan Gertler, a \u00e9t\u00e9 sign\u00e9 le 24 f\u00e9vrier 2022. \u00a9 Photomontage JA.<\/figcaption><\/figure>\n\n\n\n<p>Le 21 d\u00e9cembre 2017, la nuit tombe sur Tel-Aviv, et Dan Gertler est injoignable. \u00c0 l\u2019ext\u00e9rieur de la synagogue qu\u2019il a l\u2019habitude de fr\u00e9quenter, cam\u00e9ras et journalistes attendent patiemment de l\u2019apercevoir. Le magnat l\u2019ignore encore, mais le couperet est tomb\u00e9.&nbsp;<a href=\"https:\/\/www.jeuneafrique.com\/504597\/politique\/yahya-jammeh-et-dan-gertler-vises-par-des-sanctions-du-tresor-americain\/\">Dix-neuf de ses soci\u00e9t\u00e9s et son bras droit, Pieter Deboutte, qui g\u00e8re ses affaires au Congo, viennent d\u2019\u00eatre inclus dans une premi\u00e8re salve de sanctions dont il est la principale cible<\/a>. Le Tr\u00e9sor am\u00e9ricain l\u2019accuse d\u2019avoir \u00ab&nbsp;utilis\u00e9 ses liens d\u2019amiti\u00e9 avec Joseph Kabila pour servir d\u2019interm\u00e9diaire dans la vente d\u2019actifs miniers en RDC, obligeant certaines multinationales \u00e0 passer par lui&nbsp;\u00bb. \u00ab&nbsp;Dan [Gertler] n\u2019a pas compris ce qu\u2019il se passait et n\u2019a pas mesur\u00e9 l\u2019impact que ces sanctions pouvaient avoir&nbsp;\u00bb, assure un de ses associ\u00e9s.<\/p>\n\n\n\n<p>Ces mesures restrictives vont pourtant bien au-del\u00e0 d\u2019un simple gel d\u2019avoirs. Elles interdisent aux personnes physiques ou morales am\u00e9ricaines d\u2019effectuer des transactions avec les personnalit\u00e9s cibl\u00e9es. Concr\u00e8tement, Gertler se retrouve mis au ban du syst\u00e8me bancaire am\u00e9ricain, interdit de faire des op\u00e9rations en dollars, la devise reine \u00e0 Kinshasa. \u00ab&nbsp;Ces sanctions fonctionnent un peu comme une bombe \u00e0 fragmentation&nbsp;\u00bb, sch\u00e9matise un cadre du secteur minier congolais. En juin 2018, quatorze&nbsp;nouvelles entit\u00e9s contr\u00f4l\u00e9es ou d\u00e9tenues par l\u2019homme d\u2019affaires isra\u00e9lien sont ajout\u00e9es \u00e0 la liste de l\u2019Office of Foreign Assets Control (OFAC).\u00c0 LIRE<a href=\"https:\/\/www.jeuneafrique.com\/1360430\/politique\/rdc-dan-gertler-du-zenith-au-crepuscule\/\">RDC : Dan Gertler, du z\u00e9nith au cr\u00e9puscule<\/a><\/p>\n\n\n\n<p>Gertler assure ne pas avoir vu le coup venir. Apr\u00e8s vingt ann\u00e9es pass\u00e9es \u00e0 c\u00f4toyer les puissants, se croyait-il \u00e0 l\u2019abri ? \u00ab&nbsp;Il pensait que les \u00c9tats-Unis seraient plus reconnaissants pour ce qu\u2019il avait pu faire au d\u00e9but des ann\u00e9es&nbsp;2000&nbsp;\u00bb, lance l\u2019un de ses proches.<\/p>\n\n\n\n<h2 class=\"wp-block-heading\">Int\u00e9r\u00eats d\u2019Isra\u00ebl en Afrique centrale<\/h2>\n\n\n\n<p>Surpris, Gertler l\u2019a sans doute \u00e9t\u00e9 aussi lorsque, en janvier 2019, la Cour constitutionnelle a confirm\u00e9 la victoire de F\u00e9lix Tshisekedi. L\u2019Isra\u00e9lien est d\u00e9sormais priv\u00e9 de Kabila, son principal relais au sommet de l\u2019\u00c9tat. En r\u00e9alit\u00e9, le d\u00e9but de mandat de Tshisekedi ne bouscule en rien ses habitudes, car ce dernier poursuit un double objectif&nbsp;: se rapprocher des \u00c9tats-Unis, qui veulent d\u00e9manteler le syst\u00e8me Kabila, et m\u00e9nager son pr\u00e9d\u00e9cesseur, qui contr\u00f4le toujours la majorit\u00e9.<\/p>\n\n\n\n<p>L\u2019homme d\u2019affaires continue donc de se rendre r\u00e9guli\u00e8rement \u00e0 Kinshasa, o\u00f9 il rencontre parfois Joseph Kabila. D\u00e8s 2019, il est introduit aupr\u00e8s de Tshisekedi et noue des premiers contacts dans son entourage. \u00ab&nbsp;Je n\u2019ai jamais entendu nos amis am\u00e9ricains nous dire qu\u2019il \u00e9tait mauvais au point qu\u2019on ne devait pas le laisser faire d\u2019affaires en RDC&nbsp;\u00bb, confiera le chef de l\u2019\u00c9tat congolais en septembre de la m\u00eame ann\u00e9e.<\/p>\n\n\n\n<p>Avec les sanctions am\u00e9ricaines commence une v\u00e9ritable \u00ab&nbsp;op\u00e9ration survie&nbsp;\u00bb. Le 17 octobre 2018, le milliardaire s\u2019attache les services de l\u2019avocat Alan Dershowitz,&nbsp;proche&nbsp;du pr\u00e9sident Donald Trump, de Louis Freeh, qui fut directeur du FBI sous Bill Clinton.<\/p>\n\n\n\n<p>\u00c9galement assist\u00e9 du cabinet Arnold et&nbsp;Porter, Gertler b\u00e9n\u00e9ficie du soutien plus informel d\u2019une liste de personnalit\u00e9s aussi impressionnante qu\u2019inattendue. Y figure notamment Yossi Cohen, patron du Mossad (2016-2021). Selon le m\u00e9dia am\u00e9ricain&nbsp;<em>Bloomberg,<\/em>&nbsp;ce dernier, avec Ron Dermer, l\u2019ex-ambassadeur d\u2019Isra\u00ebl \u00e0 Washington, a fait valoir \u00e0 plusieurs responsables am\u00e9ricains l\u2019importance que le r\u00e9seau de Gertler en Afrique rev\u00eatait pour Isra\u00ebl. Gertler est, par ailleurs, proche de l\u2019ancien ministre isra\u00e9lien Avigdor Lieberman. Si certains de nos interlocuteurs insistent sur le r\u00f4le informel que le magnat joue en faveur des int\u00e9r\u00eats de son pays en Afrique centrale, l\u2019int\u00e9ress\u00e9, lui, n\u2019a pas souhait\u00e9 commenter.<\/p>\n\n\n\n<h2 class=\"wp-block-heading\">La bienveillance de Donald Trump<\/h2>\n\n\n\n<p>Dans un courrier dat\u00e9 du 13 novembre 2019, que&nbsp;<em>JA<\/em>&nbsp;a pu consulter, Jendayi Frazer, l\u2019ex-secr\u00e9taire d\u2019\u00c9tat adjointe du pr\u00e9sident Bush, souligne le r\u00f4le qu\u2019a jou\u00e9 le milliardaire dans les accords de Sun&nbsp;City et en faveur de la diplomatie am\u00e9ricaine au Congo au d\u00e9but des ann\u00e9es&nbsp;2000.\u00c0 LIRE<a href=\"https:\/\/www.jeuneafrique.com\/1110592\/economie\/rdc-dan-gertler-un-dernier-cadeau-de-trump-au-milliardaire-israelien\/\">RDC \u2013 Dan Gertler : un dernier cadeau de Trump au milliardaire isra\u00e9lien ?<\/a><\/p>\n\n\n\n<p>Ce lobbying finit par payer. Le 15 janvier 2021, six jours avant son d\u00e9part de la Maison&nbsp;Blanche, Donald Trump accorde une licence provisoire de un an \u00e0 Dan Gertler, lui permettant ainsi d\u2019acc\u00e9der \u00e0 ses comptes en dollars et de reprendre une partie de ses activit\u00e9s.&nbsp;<a href=\"https:\/\/www.jeuneafrique.com\/1133864\/economie\/dan-gertler-ladministration-biden-revient-sur-la-derogation-accordee-par-trump\/\">Moins de deux mois plus tard, la nouvelle administration am\u00e9ricaine la r\u00e9voque<\/a>, estimant qu\u2019elle va \u00ab&nbsp;\u00e0 l\u2019encontre de la politique des \u00c9tats-Unis, qui vise \u00e0 combattre la corruption et \u00e0 promouvoir la stabilit\u00e9 de la RDC&nbsp;\u00bb. \u00ab&nbsp;L\u2019administration Biden est obs\u00e9d\u00e9e par Gertler&nbsp;\u00bb, explique un lobbyiste install\u00e9 \u00e0 Washington et familier de la RDC.<\/p>\n\n\n\n<p>Selon un document que&nbsp;<em>JA<\/em>&nbsp;a pu consulter, l\u2019homme d\u2019affaires reste n\u00e9anmoins titulaire d\u2019une autorisation cens\u00e9e lui permettre de financer des activit\u00e9s caritatives \u00e0 certaines conditions et \u00e0 travers des circuits financiers pr\u00e9-identifi\u00e9s. En vigueur depuis le 12 janvier 2021, elle expire le 31 janvier 2023. Selon les proches de Gertler, elle n\u2019a jusque-l\u00e0 pas pu \u00eatre utilis\u00e9e.<\/p>\n\n\n\n<h2 class=\"wp-block-heading\"><strong>\u00ab&nbsp;La v\u00e9rit\u00e9 finira par triompher&nbsp;\u00bb<\/strong><\/h2>\n\n\n\n<p>La situation du milliardaire n\u2019est gu\u00e8re plus favorable en RDC.&nbsp;<a href=\"https:\/\/www.jeuneafrique.com\/1010465\/economie\/rdc-dan-gertler-quand-des-montages-financiers-complexes-brouillent-les-pistes\/\">En juillet&nbsp;2020, gr\u00e2ce \u00e0 deux lanceurs d\u2019alerte, Global&nbsp;Witness&nbsp;et la Plateforme de Protection des Lanceurs d\u2019Alerte en Afrique (PPLAF) accusent&nbsp;Gertler<\/a>&nbsp;d\u2019avoir mis en place, avec la complicit\u00e9 de la banque Afriland et de plusieurs mandataires, un vaste r\u00e9seau de blanchiment d\u2019argent afin de contourner les sanctions.<\/p>\n\n\n\n<p>\u00ab&nbsp;On m\u2019a souvent dit que tous ces rapports \u00e9taient mauvais pour mon image, mais je n\u2019y pr\u00eatais pas attention&nbsp;\u00bb, assure Gertler, qui conteste ces accusations. \u00ab&nbsp;La v\u00e9rit\u00e9 finira par triompher&nbsp;\u00bb, proph\u00e9tise-t-il. Au cours des semaines qui suivent la publication du rapport, l\u2019Isra\u00e9lien organise pourtant la riposte. Il sonde, par le biais de son entourage, plusieurs cabinets de communication parisiens. Il contre-attaque aussi sur le plan judiciaire, en d\u00e9posant plusieurs plaintes en diffamation contre les auteurs de l\u2019enqu\u00eate, qui ont, de leur c\u00f4t\u00e9, d\u00e9nonc\u00e9 des pressions avant la publication du rapport.\u00c0 LIRE<a href=\"https:\/\/www.jeuneafrique.com\/1011122\/economie\/rdc-vol-chantage-usage-de-faux-la-double-riposte-de-dan-gertler-et-dafriland-first-bank\/\">RDC : \u00ab Vol, chantage, usage de faux \u00bb\u2026 La double riposte de Dan Gertler et d\u2019Afriland First Bank<\/a><\/p>\n\n\n\n<p>Ce changement de strat\u00e9gie destin\u00e9 \u00e0 redorer son image se concr\u00e9tise, le 16 novembre 2020, par l\u2019annonce d\u2019un projet dans lequel il invite \u00ab&nbsp;ses fr\u00e8res et s\u0153urs congolais&nbsp;\u00bb \u00e0 b\u00e9n\u00e9ficier des recettes de l\u2019industrie mini\u00e8re en prenant des parts dans les royalties du projet Metalkol, dont il a discr\u00e8tement acquis les droits en 2017. Imm\u00e9diatement d\u00e9nonc\u00e9e par la soci\u00e9t\u00e9 civile, l\u2019initiative \u00e9chouera.<\/p>\n\n\n\n<p>Le 6 d\u00e9cembre&nbsp;2021, neuf mois apr\u00e8s le r\u00e9tablissement des sanctions, les douze entreprises cibl\u00e9es dans l\u2019enqu\u00eate de Global Witness, ainsi qu\u2019un associ\u00e9 de Gertler accus\u00e9 de l\u2019avoir aid\u00e9 \u00e0 contourner les sanctions, sont ajout\u00e9s \u00e0 la liste de l\u2019OFAC.<\/p>\n\n\n\n<h2 class=\"wp-block-heading\">R\u00e9putation et royalties<\/h2>\n\n\n\n<p>Gertler semble plus que jamais accul\u00e9. D\u2019autant que depuis plusieurs mois, \u00e0 Kinshasa, F\u00e9lix Tshisekedi s\u2019attelle \u00e0 renverser la majorit\u00e9 d\u00e9tenue par Kabila. Sous l\u2019impulsion des \u00c9tats-Unis, soucieux de contrer l\u2019influence de la Chine, le pr\u00e9sident a annonc\u00e9, en mai 2021, son intention de ren\u00e9gocier les contrats miniers sign\u00e9s sous le r\u00e8gne de son pr\u00e9d\u00e9cesseur.<\/p>\n\n\n\n<p>Un mois plus tard, l\u2019\u00c9tat congolais ne reconduit pas les permis p\u00e9troliers de Caprikat et de Foxwhelp sur le lac Albert, accusant ces deux entreprises, li\u00e9es \u00e0 Gertler, de ne pas avoir respect\u00e9 leurs engagements. L\u2019Isra\u00e9lien s\u2019en d\u00e9fend et assure, audit \u00e0 l\u2019appui, avoir d\u00e9j\u00e0 investi 130 millions d\u2019euros dans le projet. Le bras de fer d\u00e9bouche sur une proc\u00e9dure d\u2019arbitrage devant la Chambre de commerce internationale, \u00e0 Paris, o\u00f9 la RDC r\u00e9clame aux soci\u00e9t\u00e9s du milliardaire un d\u00e9dommagement de plus de 150 millions de dollars.<\/p>\n\n\n\n<p>Cette proc\u00e9dure n\u2019aboutira jamais. Fid\u00e8le \u00e0 la discr\u00e9tion qui le caract\u00e9rise depuis vingt-cinq ans, Gertler finit par r\u00e9appara\u00eetre \u00e0 la pr\u00e9sidence congolaise le 24 f\u00e9vrier 2022. Depuis plus d\u2019un mois, il n\u00e9gocie en secret un protocole d\u2019accord, avec le concours d\u2019un petit groupe de conseillers \u00e0 la Pr\u00e9sidence. L\u2019ex-patron de la G\u00e9camines Albert Yuma a \u00e9t\u00e9 consult\u00e9 \u00e0 l\u2019occasion de ces discussions.\u00c0 LIRE<a href=\"https:\/\/www.jeuneafrique.com\/1321149\/economie\/rdc-les-zones-dombre-de-laccord-avec-dan-gertler\/\">RDC : les zones d\u2019ombre de l\u2019accord avec Dan Gertler<\/a><\/p>\n\n\n\n<p>Ce deal n\u2019a, \u00e0 ce jour, pas \u00e9t\u00e9 rendu public. Plusieurs de ses clauses, pr\u00e9sent\u00e9es \u00e0 plusieurs membres de la soci\u00e9t\u00e9 civile, sont pourtant connues. L<a href=\"https:\/\/www.jeuneafrique.com\/1323045\/economie\/rdc-dan-gertler-promet-de-restituer-tous-les-permis-et-licences-de-son-groupe\/\">\u2019accord pr\u00e9voit la restitution \u00e0 l\u2019\u00c9tat congolais de trois gisements miniers appartenant encore \u00e0 Gertler et des deux permis du lac Albert<\/a>, au c\u0153ur de la&nbsp;proc\u00e9dure&nbsp;d\u2019arbitrage \u00e0 laquelle la RDC s\u2019engage, en retour, \u00e0 renoncer, remboursant au passage les frais investis par Caprikat et Foxwhelp. \u00ab&nbsp;Nous n\u2019avons pas \u00e9t\u00e9 \u00e0 l\u2019origine de ces n\u00e9gociations, et je suis convaincu que nous aurions gagn\u00e9 l\u2019arbitrage&nbsp;\u00bb, pr\u00e9tend aujourd\u2019hui l\u2019homme d\u2019affaires, estimant que la RDC sort \u00ab&nbsp;vainqueur&nbsp;\u00bb d\u2019un tel accord. \u00ab&nbsp;Les parties sont convenues que l\u2019accord met fin \u00e0 tout litige entre elles et qu\u2019elles n\u2019ont plus aucune r\u00e9clamation pendante l\u2019une contre l\u2019autre&nbsp;\u00bb, assure-t-on \u00e0 ce stade dans le camp du milliardaire.<\/p>\n\n\n\n<p>\u00ab&nbsp;Ces permis n\u2019avaient d\u00e9j\u00e0 pas \u00e9t\u00e9 renouvel\u00e9s en juin\u00ad 2021, la RDC aurait d\u00fb les r\u00e9cup\u00e9rer gratuitement. Or, aujourd\u2019hui la RDC se retrouve en plus \u00e0 remboursement des d\u00e9penses qui n\u2019ont pas \u00e9t\u00e9 ind\u00e9pendamment certifi\u00e9es&nbsp;\u00bb, s\u2019insurge Jean-Pierre Okenda, directeur du d\u00e9partement Industries extractives au sein de l\u2019ONG Resource Matters.<\/p>\n\n\n\n<figure class=\"wp-block-image is-style-zoooom\"><img decoding=\"async\" src=\"https:\/\/www.jeuneafrique.com\/medias\/2022\/07\/25\/enq-gertler-episode4-2.jpg\" alt=\"Signature d\u2019un accord amiable entre la RDC et le groupe Ventora, de l\u2019homme d\u2019affaires Dan Gertler (3e en partant de la gauche), le 24 f\u00e9vrier 2022.\"\/><figcaption>Signature d\u2019un accord amiable entre la RDC et le groupe Ventora, de l\u2019homme d\u2019affaires Dan Gertler (3e en partant de la gauche), le 24 f\u00e9vrier 2022.<\/figcaption><\/figure>\n\n\n\n<p>Outre des d\u00e9dommagements, qui n\u2019ont pour le moment pas \u00e9t\u00e9 d\u00e9caiss\u00e9s, deux autres clauses ont fait bondir une partie de la soci\u00e9t\u00e9 civile\u202f: le droit de Dan Gertler de continuer de percevoir des royalties sur trois projets miniers majeurs (un remboursement \u00e0 la RDC d\u2019une partie de celles per\u00e7ues dans celui de la Kamoto Copper Company \u2013 KCC \u2013 est n\u00e9anmoins pr\u00e9vu) et l\u2019engagement de la RDC \u00e0 \u0153uvrer, \u00ab&nbsp;sans garantie de succ\u00e8s&nbsp;\u00bb, \u00e0 la lev\u00e9e des sanctions am\u00e9ricaines. \u00ab&nbsp;Pour Gertler, les royalties sont de l\u2019argent qu\u2019il peut toucher imm\u00e9diatement, alors qu\u2019avant de percevoir des b\u00e9n\u00e9fices la RDC devra faire fructifier des actifs dont on ne conna\u00eet pas la r\u00e9elle valeur&nbsp;\u00bb, d\u00e9nonce Emmanuel Umpula, chercheur \u00e0 l\u2019Africa Resource Watch.<\/p>\n\n\n\n<p>Cette question des royalties est loin d\u2019\u00eatre anodine. Selon l\u2019audit de la G\u00e9camines publi\u00e9 en juin 2022 par l\u2019Inspection g\u00e9n\u00e9rale des Finances, pour la seule p\u00e9riode entre 2015 et 2020, la cession des royalties dans le projet KCC a fait gagner \u00e0 Gertler plus de 87 millions de dollars. Un \u00ab&nbsp;montant qui aurait pu profiter \u00e0 la G\u00e9camines&nbsp;\u00bb, estime l\u2019agence qui souligne toutefois que selon l\u2019entreprise mini\u00e8re nationale, cette cession \u00e9tait \u00ab&nbsp;\u00e9conomiquement justifi\u00e9e&nbsp;\u00bb.<\/p>\n\n\n\n<p>L\u2019accord a provoqu\u00e9 des tensions, tant au sein de la soci\u00e9t\u00e9 civile \u2013 dont une partie l\u2019a soutenu, estimant qu\u2019il b\u00e9n\u00e9ficiait \u00e0 la RDC \u2013 qu\u2019au sein de l\u2019ex\u00e9cutif et du cabinet. S\u2019il a, in fine, \u00e9t\u00e9 sign\u00e9 par Rose Mutombo, la ministre de la Justice, il a en r\u00e9alit\u00e9 \u00e9t\u00e9 n\u00e9goci\u00e9 par une commission dirig\u00e9e par Andr\u00e9 Wameso, le directeur de cabinet adjoint de F\u00e9lix Tshisekedi, qui d\u00e9fend la l\u00e9galit\u00e9 de l\u2019acquisition, par Gertler, de ces royalties. La discr\u00e9tion avec laquelle cet accord a \u00e9t\u00e9 \u00e9labor\u00e9 a provoqu\u00e9 un malaise parmi certains conseillers et ministres, inquiets des cons\u00e9quences qu\u2019il pourrait avoir sur les relations avec Washington. \u00ab&nbsp;Les r\u00e9els enjeux, pour Dan Gertler, sont la lev\u00e9e des sanctions, sa r\u00e9putation et les royalties qu\u2019il a frauduleusement acquises. Pour la RDC, il est tr\u00e8s risqu\u00e9 d\u2019aller au bout de cet accord&nbsp;\u00bb, analyse Jean-Pierre Okenda.<\/p>\n\n\n\n<h2 class=\"wp-block-heading\">Obtiendra-t-il gain de cause ?<\/h2>\n\n\n\n<p>Conscient des r\u00e9sistances que cet accord soul\u00e8ve, le milliardaire se d\u00e9m\u00e8ne pour boucler les derniers d\u00e9tails. Mi-mars 2022, il a, selon nos informations, d\u00e9p\u00each\u00e9 une large d\u00e9l\u00e9gation \u00e0 Kinshasa. Log\u00e9e au Fleuve Congo Hotel, elle \u00e9tait men\u00e9e par l\u2019une de ses s\u0153urs et devait, en son nom, finaliser la version d\u00e9finitive de l\u2019accord. Presque au m\u00eame moment, une d\u00e9l\u00e9gation du Tr\u00e9sor am\u00e9ricain s\u2019est \u00e9galement rendue \u00e0 Kinshasa pour r\u00e9clamer, en vain, une version du deal. Apr\u00e8s plusieurs demandes, Washington aurait, selon plusieurs sources officielles congolaises, obtenu il y a quelques semaines une copie de cet accord. \u00ab&nbsp;Le Tr\u00e9sor am\u00e9ricain est actuellement en train d\u2019analyser son contenu&nbsp;\u00bb, assure un proche du pr\u00e9sident congolais qui suit le dossier.<\/p>\n\n\n\n<p>Gertler obtiendra-t-il gain de cause\u2009? Ces derni\u00e8res semaines, il a trouv\u00e9 des raisons d\u2019y croire. Le 25\u202fmai, jour de notre rencontre \u00e0 Tel-Aviv, Glencore a annonc\u00e9 \u00eatre parvenu \u00e0 un accord avec le d\u00e9partement am\u00e9ricain de la Justice apr\u00e8s avoir plaid\u00e9 coupable de faits de corruption dans diff\u00e9rents march\u00e9s conclus en Afrique et en Am\u00e9rique latine. Deux autres proc\u00e9dures, en Grande-Bretagne et au Br\u00e9sil, ont abouti \u00e0 la m\u00eame conclusion sans que des charges soient retenues contre Gertler. Mais deux affaires sont toujours en cours, en Suisse et aux Pays-Bas.<\/p>\n\n\n\n<p>Mais, alors que certains partenaires de Dan Gertler font \u2013 ou ont fait \u2013 l\u2019objet d\u2019enqu\u00eates internationales, une partie de la soci\u00e9t\u00e9 civile s\u2019inqui\u00e8te de l\u2019impact que cet accord pourrait avoir sur d\u2019\u00e9ventuelles demandes de d\u00e9dommagements que pourrait formuler la RDC par la suite.<\/p>\n\n\n\n<h2 class=\"wp-block-heading\">M\u00e9contentement \u00e0 Washington<\/h2>\n\n\n\n<p>Reste que le principal handicap de Gertler demeure, puisque les sanctions interdisent au gouvernement congolais de l\u2019indemniser en dollars. \u00ab&nbsp;Nous allons nous appuyer sur le cas de Glencore, qui r\u00e8gle les royalties de Gertler en euros depuis 2018, r\u00e9v\u00e8le un proche de Tshisekedi partie prenante au dossier. Rien ne nous emp\u00eache de le payer dans une autre monnaie que le dollar.&nbsp;\u00bb<\/p>\n\n\n\n<p>\u00ab&nbsp;Pour ce qui est des sanctions, notre engagement est sans garantie de r\u00e9sultat. Nous avons simplement dit aux Am\u00e9ricains que la RDC n\u2019avait plus de probl\u00e8me avec Dan Gertler\u202f&nbsp;\u00bb, conclut notre source. Un message qui a du mal \u00e0 passer \u00e0 Washington. \u00ab&nbsp;Pour les \u00c9tats-Unis, aucun accord conclu avec Gertler n\u2019est acceptable, confie un ancien haut fonctionnaire am\u00e9ricain. Si ce deal entrait en vigueur, les cons\u00e9quences seraient dommageables sur le&nbsp;plan&nbsp;diplomatique.&nbsp;\u00bb<\/p>\n<div style=\"text-align:center\" class=\"wps-pgfw-pdf-generate-icon__wrapper-frontend\">\n\t\t<a href=\"https:\/\/congokin.blog?action=genpdf&amp;id=9536\" class=\"pgfw-single-pdf-download-button\" ><img src=\"https:\/\/congokin.blog\/wp-content\/plugins\/pdf-generator-for-wp\/admin\/src\/images\/PDF_Tray.svg\" title=\"G\u00e9n\u00e9rer un PDF\" style=\"width:auto; height:45px;\"><\/a>\n\t\t<\/div>","protected":false},"excerpt":{"rendered":"<p>De Washington \u00e0 Kinshasa, l\u2019\u00ab&nbsp;op\u00e9ration survie&nbsp;\u00bb de Dan Gertler \u00ab Dieu, le Congo et lui \u00bb (4\/4). Rien ne va plus pour le magnat des mines : il est toujours sous sanctions, Kabila a quitt\u00e9 le pouvoir, l\u2019administration Biden ne l\u2019appr\u00e9cie gu\u00e8re\u2026 Mais depuis f\u00e9vrier 2022, il a conclu un accord avec le gouvernement congolais. [&hellip;]<\/p>\n","protected":false},"author":8,"featured_media":0,"comment_status":"open","ping_status":"closed","sticky":false,"template":"","format":"standard","meta":{"footnotes":""},"categories":[5,6,7,8],"tags":[],"class_list":["post-9536","post","type-post","status-publish","format-standard","hentry","category-economie","category-justice","category-politique","category-societe"],"_links":{"self":[{"href":"https:\/\/congokin.blog\/index.php?rest_route=\/wp\/v2\/posts\/9536","targetHints":{"allow":["GET"]}}],"collection":[{"href":"https:\/\/congokin.blog\/index.php?rest_route=\/wp\/v2\/posts"}],"about":[{"href":"https:\/\/congokin.blog\/index.php?rest_route=\/wp\/v2\/types\/post"}],"author":[{"embeddable":true,"href":"https:\/\/congokin.blog\/index.php?rest_route=\/wp\/v2\/users\/8"}],"replies":[{"embeddable":true,"href":"https:\/\/congokin.blog\/index.php?rest_route=%2Fwp%2Fv2%2Fcomments&post=9536"}],"version-history":[{"count":1,"href":"https:\/\/congokin.blog\/index.php?rest_route=\/wp\/v2\/posts\/9536\/revisions"}],"predecessor-version":[{"id":9537,"href":"https:\/\/congokin.blog\/index.php?rest_route=\/wp\/v2\/posts\/9536\/revisions\/9537"}],"wp:attachment":[{"href":"https:\/\/congokin.blog\/index.php?rest_route=%2Fwp%2Fv2%2Fmedia&parent=9536"}],"wp:term":[{"taxonomy":"category","embeddable":true,"href":"https:\/\/congokin.blog\/index.php?rest_route=%2Fwp%2Fv2%2Fcategories&post=9536"},{"taxonomy":"post_tag","embeddable":true,"href":"https:\/\/congokin.blog\/index.php?rest_route=%2Fwp%2Fv2%2Ftags&post=9536"}],"curies":[{"name":"wp","href":"https:\/\/api.w.org\/{rel}","templated":true}]}}