{"id":9538,"date":"2022-08-04T12:44:42","date_gmt":"2022-08-04T12:44:42","guid":{"rendered":"https:\/\/congokin.blog\/?p=9538"},"modified":"2022-08-04T12:44:43","modified_gmt":"2022-08-04T12:44:43","slug":"le-procureur-general-pres-la-cour-de-cassation-saisit-le-bureau-de-lassemblee-nationale-pour-la-levee-de-limmunite-de-kabund","status":"publish","type":"post","link":"https:\/\/congokin.blog\/?p=9538","title":{"rendered":"le procureur g\u00e9n\u00e9ral pr\u00e8s la Cour de cassation saisit le bureau de l\u2019Assembl\u00e9e nationale pour la lev\u00e9e de l\u2019immunit\u00e9 de Kabund"},"content":{"rendered":"\n<p><strong>RDC: le procureur g\u00e9n\u00e9ral pr\u00e8s la Cour de cassation saisit le bureau de l\u2019Assembl\u00e9e nationale pour la lev\u00e9e de l\u2019immunit\u00e9 de Kabund<\/strong><\/p>\n\n\n\n<p>Jeudi 4 ao\u00fbt 2022 &#8211; 12:17<\/p>\n\n\n\n<p><a href=\"https:\/\/actualite.cd\/category\/actualite\/politique\">Politique<\/a><\/p>\n\n\n\n<p><a target=\"_blank\" href=\"https:\/\/actualite.cd\/#facebook\" rel=\"noreferrer noopener\">Facebook<\/a><a target=\"_blank\" href=\"https:\/\/actualite.cd\/#twitter\" rel=\"noreferrer noopener\">Twitter<\/a><a><\/a><a target=\"_blank\" href=\"https:\/\/actualite.cd\/#linkedin\" rel=\"noreferrer noopener\">LinkedIn<\/a><a target=\"_blank\" href=\"https:\/\/actualite.cd\/#email\" rel=\"noreferrer noopener\">Email<\/a><a target=\"_blank\" href=\"https:\/\/actualite.cd\/#facebook_messenger\" rel=\"noreferrer noopener\">Messenger<\/a><a target=\"_blank\" href=\"https:\/\/actualite.cd\/#whatsapp\" rel=\"noreferrer noopener\">WhatsApp<\/a><a href=\"https:\/\/www.addtoany.com\/share#url=https%3A%2F%2Factualite.cd%2F2022%2F08%2F04%2Frdc-le-procureur-general-pres-la-cour-de-cassation-saisit-le-bureau-de-lassemblee&amp;title=RDC%3A%20le%20procureur%20g%C3%A9n%C3%A9ral%20pr%C3%A8s%20la%20Cour%20de%20cassation%20saisit%20le%20bureau%20de%20l%E2%80%99Assembl%C3%A9e%20nationale%20pour%20la%20lev%C3%A9e%20de%20l%E2%80%99immunit%C3%A9%20de%20Kabund\">Share<\/a><\/p>\n\n\n\n<figure class=\"wp-block-image is-style-zoooom\"><img decoding=\"async\" src=\"https:\/\/actualite.cd\/sites\/default\/files\/styles\/800_400\/public\/2021-03\/Kabund%20et%20groupes.png?itok=jkEDL_Vk\" alt=\"Jean Marc Kabund, premier vice-pr\u00e9sident de l'Assembl\u00e9e nationale\/Ph ACTUALITE.CD\"\/><\/figure>\n\n\n\n<p>Le Procureur G\u00e9n\u00e9ral pr\u00e8s la Cour de cassation a saisi depuis le 29 juillet dernier le bureau de l&rsquo;Assembl\u00e9e nationale pour obtenir l&rsquo;autorisation des poursuites et la lev\u00e9e de l\u2019immunit\u00e9 parlementaire du d\u00e9put\u00e9 Jean-Marc Kabund.&nbsp;<\/p>\n\n\n\n<p>\u00ab\u00a0Par son r\u00e9quisitoire n\u00b0437\/RMP.V\/0100\/PGCCASS\/USE\/2022, le procureur g\u00e9n\u00e9ral pr\u00e8s la Cour de Cassation a saisi le Bureau de l&rsquo;Assembl\u00e9e nationale aux fins d&rsquo;obtenir l&rsquo;autorisation des poursuites et la lev\u00e9e de votre immunit\u00e9 parlementaire\u00a0\u00bb, peut-on lire dans la lettre de Mboso \u00e0 Kabund.<\/p>\n\n\n\n<p>C&rsquo;est ainsi que pour faire respecter le r\u00e8glement int\u00e9rieur de la chambre basse du parlement en mati\u00e8re de lev\u00e9e des immunit\u00e9s parlementaires, Mboso invite Kabund pour une r\u00e9union ce jeudi afin de pr\u00e9senter ses moyens de d\u00e9fense.&nbsp;<\/p>\n\n\n\n<p>\u00ab\u00a0Vous pouvez vous faire assister d&rsquo;un de deux de nos coll\u00e8gues ou de votre conseil\u00a0\u00bb, \u00e9crit Mboso.<\/p>\n\n\n\n<p>Comme c\u2019est la p\u00e9riode des vacances parlementaires, c\u2019est le bureau qui statue d\u2019office sur&nbsp; cette demande de lev\u00e9e de l\u2019immunit\u00e9 parlementaire. Il prend l\u2019avis du procureur et entend le d\u00e9put\u00e9 mis en cause. Si cette demande intervient en pleine session, c\u2019est la pl\u00e9ni\u00e8re qui d\u00e9cide.<\/p>\n\n\n\n<p>Le procureur pr\u00e8s la Cour de cassation a ouvert un dossier \u00e0 l\u2019encontre de l\u2019ancien bras droit de F\u00e9lix Tshisekedi apr\u00e8s avoir tenu des propos jug\u00e9s \u201coutrageants\u201d lors d\u2019une conf\u00e9rence de presse. Il compara\u00eet pour r\u00e9pondre des infractions lui reproch\u00e9es \u00e0 savoir : imputation dommageable, injure publique, offense au Chef de l\u2019Etat et propagation des faux bruits.<\/p>\n\n\n\n<p><strong>Berith Yakitenge<\/strong><\/p>\n<div style=\"text-align:center\" class=\"wps-pgfw-pdf-generate-icon__wrapper-frontend\">\n\t\t<a href=\"https:\/\/congokin.blog?action=genpdf&amp;id=9538\" class=\"pgfw-single-pdf-download-button\" ><img src=\"https:\/\/congokin.blog\/wp-content\/plugins\/pdf-generator-for-wp\/admin\/src\/images\/PDF_Tray.svg\" title=\"G\u00e9n\u00e9rer un PDF\" style=\"width:auto; height:45px;\"><\/a>\n\t\t<\/div>","protected":false},"excerpt":{"rendered":"<p>RDC: le procureur g\u00e9n\u00e9ral pr\u00e8s la Cour de cassation saisit le bureau de l\u2019Assembl\u00e9e nationale pour la lev\u00e9e de l\u2019immunit\u00e9 de Kabund Jeudi 4 ao\u00fbt 2022 &#8211; 12:17 Politique FacebookTwitterLinkedInEmailMessengerWhatsAppShare Le Procureur G\u00e9n\u00e9ral pr\u00e8s la Cour de cassation a saisi depuis le 29 juillet dernier le bureau de l&rsquo;Assembl\u00e9e nationale pour obtenir l&rsquo;autorisation des poursuites [&hellip;]<\/p>\n","protected":false},"author":8,"featured_media":0,"comment_status":"open","ping_status":"closed","sticky":false,"template":"","format":"standard","meta":{"footnotes":""},"categories":[6,7,8],"tags":[],"class_list":["post-9538","post","type-post","status-publish","format-standard","hentry","category-justice","category-politique","category-societe"],"_links":{"self":[{"href":"https:\/\/congokin.blog\/index.php?rest_route=\/wp\/v2\/posts\/9538","targetHints":{"allow":["GET"]}}],"collection":[{"href":"https:\/\/congokin.blog\/index.php?rest_route=\/wp\/v2\/posts"}],"about":[{"href":"https:\/\/congokin.blog\/index.php?rest_route=\/wp\/v2\/types\/post"}],"author":[{"embeddable":true,"href":"https:\/\/congokin.blog\/index.php?rest_route=\/wp\/v2\/users\/8"}],"replies":[{"embeddable":true,"href":"https:\/\/congokin.blog\/index.php?rest_route=%2Fwp%2Fv2%2Fcomments&post=9538"}],"version-history":[{"count":1,"href":"https:\/\/congokin.blog\/index.php?rest_route=\/wp\/v2\/posts\/9538\/revisions"}],"predecessor-version":[{"id":9539,"href":"https:\/\/congokin.blog\/index.php?rest_route=\/wp\/v2\/posts\/9538\/revisions\/9539"}],"wp:attachment":[{"href":"https:\/\/congokin.blog\/index.php?rest_route=%2Fwp%2Fv2%2Fmedia&parent=9538"}],"wp:term":[{"taxonomy":"category","embeddable":true,"href":"https:\/\/congokin.blog\/index.php?rest_route=%2Fwp%2Fv2%2Fcategories&post=9538"},{"taxonomy":"post_tag","embeddable":true,"href":"https:\/\/congokin.blog\/index.php?rest_route=%2Fwp%2Fv2%2Ftags&post=9538"}],"curies":[{"name":"wp","href":"https:\/\/api.w.org\/{rel}","templated":true}]}}