{"id":9540,"date":"2022-08-04T13:04:27","date_gmt":"2022-08-04T13:04:27","guid":{"rendered":"https:\/\/congokin.blog\/?p=9540"},"modified":"2022-08-04T13:04:29","modified_gmt":"2022-08-04T13:04:29","slug":"la-monusco-un-bouc-emissaire-au-nord-kivu","status":"publish","type":"post","link":"https:\/\/congokin.blog\/?p=9540","title":{"rendered":"La Monusco: un bouc \u00e9missaire au Nord-Kivu."},"content":{"rendered":"\n<h1 class=\"wp-block-heading\">RDC : La Monusco, un bouc \u00e9missaire au Nord-Kivu ?<\/h1>\n\n\n\n<ul class=\"wp-block-list\"><li>Dans\u00a0Soci\u00e9t\u00e9<\/li><li>1 ao\u00fbt 2022<\/li><li>Hubert Leclercq<\/li><li>2221 Vues<\/li><\/ul>\n\n\n\n<figure class=\"wp-block-image is-style-zoooom\"><a href=\"https:\/\/afrique.lalibre.be\/app\/uploads\/2022\/08\/kasindi.jpg\"><img decoding=\"async\" src=\"https:\/\/afrique.lalibre.be\/app\/uploads\/2022\/08\/kasindi-675x450.jpg\" alt=\"RDC : La Monusco, un bouc \u00e9missaire au Nord-Kivu ?\" title=\"\"\/><\/a><\/figure>\n\n\n\n<h3 class=\"wp-block-heading\">Depuis une semaine, la grogne enfle dans le Nord-Kivu contre la pr\u00e9sence onusienne. Des coups de feu mortels, tir\u00e9s par des casques bleus, dimanche, au poste-fronti\u00e8re de Kasindi, ont encore renforc\u00e9 cette col\u00e8re. \u00c0 qui peut profiter cette tension ?<\/h3>\n\n\n\n<p>Dimanche 31&nbsp;juillet 2022. Poste-fronti\u00e8re de Kasindi, en R\u00e9publique d\u00e9mocratique du Congo, dans le Nord-Kivu. Un d\u00e9tachement tanzanien, appartenant \u00e0 la force des Nations unies, quitte l\u2019Ouganda et p\u00e9n\u00e8tre en force sur le territoire congolais. Les casques bleus ouvrent le feu. Trois Congolais sont tu\u00e9s. Une quinzaine de personnes sont bless\u00e9es.<\/p>\n\n\n\n<p>Un&nbsp;\u201c<em>incident grave\u201d, \u201cinqualifiable et irresponsable\u201d,&nbsp;<\/em>selon la Monusco. Le secr\u00e9taire g\u00e9n\u00e9ral de l\u2019Onu, Antonio Guterres, s\u2019est dit&nbsp;\u201c<em>outr\u00e9\u201d<\/em>. La cheffe de la Monusco, Bintou Keita, s\u2019est dite&nbsp;\u201c<em>profond\u00e9ment choqu\u00e9e et constern\u00e9e par ce grave incident\u201d<\/em>, selon le communiqu\u00e9 de la mission. Tandis que le gouvernement congolais&nbsp;\u201c<em>condamne et d\u00e9plore vigoureusement cet incident malheureux\u201d,<\/em>&nbsp;a assur\u00e9 dimanche dans la soir\u00e9e le porte-parole et ministre de la Communication, Patrick Muyaya.<\/p>\n\n\n\n<p>Ce lundi, les manifestants hostiles aux casques bleus ont de nouveau envahi les rues de B\u00e9ni (Nord-Kivu). Les forces de l\u2019ordre congolaises ont fait usage de gaz lacrymog\u00e8ne pour les disperser, tandis que le d\u00e9tachement onusien avait renforc\u00e9 son dispositif de s\u00e9curit\u00e9 aux abords de ses installations. Les manifestants n\u2019ont pas insist\u00e9, mais la ville de 800 000 habitants a v\u00e9cu une journ\u00e9e au ralenti. Toute l\u2019activit\u00e9 \u00e9conomique a \u00e9t\u00e9 suspendue. Un peu plus au sud, \u00e0 Uvira (Sud-Kivu), des manifestants qui tentaient de bloquer les grands axes routiers ont \u00e9t\u00e9 dispers\u00e9s.<\/p>\n\n\n\n<h2 class=\"wp-block-heading\"><strong>Pourquoi cet \u201cincident\u201d dimanche \u00e0 Kasindi ?<\/strong><\/h2>\n\n\n\n<p>Comment expliquer qu\u2019un contingent de casques bleus tanzaniens ouvre le feu sur les civils et les fonctionnaires qui travaillent au poste-fronti\u00e8re ? Pourquoi les agents de la douane ont-ils ferm\u00e9 la barri\u00e8re devant ce contingent ?<\/p>\n\n\n\n<p>\u201c<em>L\u2019enqu\u00eate devra d\u00e9terminer l\u2019encha\u00eenement des faits<\/em>, nous explique le ministre Muyaya, qui plaide l\u2019apaisement et veut&nbsp;\u201c<em>donner aujourd\u2019hui la priorit\u00e9 \u00e0 l\u2019enqu\u00eate pour savoir ce qu\u2019il s\u2019est pass\u00e9. Mais le comportement de ces militaires est inacceptable\u201d<\/em>. Nul ne nie cette \u00e9vidence, m\u00eame si certaines sources laissent entendre qu\u2019il pourrait y avoir eu un peu de&nbsp;\u201c<em>provocation\u201d<\/em>.&nbsp;\u201c<em>Vu les tensions, les Tanzaniens ont acc\u00e9l\u00e9r\u00e9 la rotation de leurs effectifs pour ramener des hommes mieux entra\u00een\u00e9s\u201d<\/em>, explique une source proche de l\u2019Ouganda, qui poursuit :&nbsp;\u201c<em>Ce qui explique qu\u2019on a vu des militaires tanzaniens quitter pr\u00e9cipitamment la RDC samedi.\u201d<\/em><\/p>\n\n\n\n<p>\u201c<em>Le pouvoir congolais \u00e9tait au courant<\/em>, encha\u00eene Jean-Jacques Wondo, expert et analyste des questions politiques et s\u00e9curitaires de la RDC.&nbsp;<em>Selon diff\u00e9rentes sources, le pouvoir congolais a donn\u00e9 son aval pour cette rel\u00e8ve avant de changer d\u2019avis. Il a tent\u00e9 d\u2019improviser un blocage des nouveaux arrivants. Les soldats tanzaniens bloqu\u00e9s c\u00f4t\u00e9 ougandais \u00e9taient des commandos qui revenaient d\u2019un entra\u00eenement intensif de conditionnement au combat.\u201d<\/em><\/p>\n\n\n\n<p>\u201c<em>Ils ont attendu plusieurs heures devant des barri\u00e8res ferm\u00e9es\u201d<\/em>, explique une source ougandaise.&nbsp;\u201c<em>Il faut se souvenir qu\u2019en 2017, les Tanzaniens ont perdu 15 hommes dans la r\u00e9gion lors d\u2019une attaque des ADF\u201d<\/em>&nbsp;(les rebelles des Forces d\u00e9mocratiques alli\u00e9es), explique un ancien militaire qui a servi dans la Monusco.&nbsp;\u201c<em>La tension des derniers jours, l\u2019hostilit\u00e9 des manifestants, l\u2019attente et les complications administratives ont pu jouer, m\u00eame si on ne peut accepter qu\u2019ils ouvrent le feu. Ce ne sont pas des policiers, aguerris au maintien de l\u2019ordre, ce sont des militaires. Ils se sentent menac\u00e9s, ils tentent de passer en force\u201d<\/em>, poursuit la source proche de l\u2019Ouganda.<\/p>\n\n\n\n<p>\u201c<em>C\u2019est inacceptable,&nbsp;<\/em>mart\u00e8le le ministre Muyaya.&nbsp;<em>S\u2019ils avaient \u00e9t\u00e9 emp\u00each\u00e9s de passer, ils pouvaient contacter leurs sup\u00e9rieurs onusiens. M.&nbsp;Lacroix&nbsp;<\/em>(secr\u00e9taire g\u00e9n\u00e9ral adjoint aux op\u00e9rations de paix de l\u2019Onu, NdlR)&nbsp;<em>\u00e9tait \u00e0 Kinshasa<\/em>.&nbsp;<em>Ces gens sont ici pour prot\u00e9ger les Congolais, pas pour tirer sur eux<\/em>.\u201d<\/p>\n\n\n\n<p>Ce nouvel \u201cincident\u201d renforce le m\u00e9contentement congolais face au contingent onusien qui devrait quitter le pays fin 2024.<\/p>\n\n\n\n<h2 class=\"wp-block-heading\"><strong>Pourquoi une \u00ab&nbsp;grogne&nbsp;\u00bb uniquement au Nord-Kivu ?<\/strong><\/h2>\n\n\n\n<p>\u00c0 l\u2019exception de quelques \u201cescarmouches\u201d \u00e0 Uvira, au Sud-Kivu, le mouvement de col\u00e8re est localis\u00e9 dans le Nord-Kivu, sous \u00e9tat de si\u00e8ge depuis mai&nbsp;2021\u2026 comme la province de l\u2019Ituri qui, elle, ne s\u2019enflamme pas.<\/p>\n\n\n\n<p>\u201c<em>Goma n\u2019est pas Bunia\u201d,&nbsp;<\/em>explique un homme politique de Kinshasa.&nbsp;\u201c<em>\u00c0 Goma, la jeunesse baigne dans la contestation. Ce n\u2019est pas un hasard si le mouvement la Lucha&nbsp;<\/em>(Lutte pour le changement)&nbsp;<em>est n\u00e9 \u00e0 Goma en 2012\u201d<\/em>, poursuit un \u00e9lu du Nord-Kivu qui admet :&nbsp;\u201c<em>Ces jeunes gens ont une terrible capacit\u00e9 de mobilisation.\u201d<\/em><\/p>\n\n\n\n<p>Certains rappellent au passage le discours du pr\u00e9sident du S\u00e9nat, Modeste Bahati, le 15&nbsp;juillet, dans cette ville. Le no&nbsp;2 de l\u2019\u00c9tat avait invit\u00e9 les Gomatraciens \u00e0&nbsp;\u201c<em>se prendre en charge pour chasser la Monusco\u201d<\/em>.&nbsp;\u201c<em>Il s\u2019est tir\u00e9 une balle dans le pied<\/em>, sourit l\u2019homme politique de Kinshasa.&nbsp;<em>Si \u00e7a s\u2019envenime encore, il sera point\u00e9 du doigt pour ces propos et sera remplac\u00e9 par quelqu\u2019un de plus docile et proche du clan pr\u00e9sidentiel.\u201d \u201cIl voulait se donner plus d\u2019\u00e9paisseur alors qu\u2019on le donnait en difficult\u00e9 face au retour de Kamerhe. En r\u00e9alit\u00e9, il a donn\u00e9 la chicotte pour se faire battre\u201d,<\/em>&nbsp;encha\u00eene un ancien ministre de Joseph Kabila, excellent connaisseur de cette r\u00e9gion du grand Kivu.<\/p>\n\n\n\n<p>\u00c0 Bunia, dans l\u2019Ituri, les repr\u00e9sentants de la soci\u00e9t\u00e9 civile rejettent cette lecture et expliquent qu\u2019eux aussi font face \u00e0 la col\u00e8re de la rue&nbsp;\u201c<em>face \u00e0 la Monusco et plus g\u00e9n\u00e9ralement face \u00e0 ce qui peut incarner l\u2019\u00c9tat ou ses associ\u00e9s\u201d,&nbsp;<\/em>explique un \u00e9lu de Bunia.&nbsp;\u201c<em>On travaille tous les jours pour conscientiser la population et surtout la jeunesse. Cette col\u00e8re est pr\u00e9sente mais il y a aussi une bonne dose de manipulation. Les gens de Kinshasa qui viennent mettre le feu aux poudres ne sont plus l\u00e0 quand les \u00e9v\u00e9nements qu\u2019ils ont suscit\u00e9s d\u00e9g\u00e9n\u00e8rent\u201d,&nbsp;<\/em>explique Dieudonn\u00e9 Lossa Dhekana, coordonnateur de la soci\u00e9t\u00e9 civile de l\u2019Ituri.&nbsp;\u201c<em>Tout ce qui est ravag\u00e9 par ces mouvements de col\u00e8re, ce sont le plus souvent des biens congolais. Ce sont donc nos compatriotes qui souffrent le plus. On a aussi fait de la p\u00e9dagogie en rappelant que la Monusco et le gouvernement ont sign\u00e9 un accord sur le d\u00e9sengagement onusien. Fin 2024, la Monusco doit avoir quitt\u00e9 notre pays. \u00c0 quoi bon demander aujourd\u2019hui leur d\u00e9part pr\u00e9cipit\u00e9 ?\u201d<\/em>&nbsp;poursuit-il.<\/p>\n\n\n\n<h2 class=\"wp-block-heading\"><strong>\u00c0 qui profiterait le d\u00e9part de la Monusco ?<\/strong><\/h2>\n\n\n\n<p>\u201c<em>Il ne faut pas perdre de vue que l\u2019arm\u00e9e congolaise, dans son combat contre les groupes rebelles, b\u00e9n\u00e9ficie g\u00e9n\u00e9ralement de la logistique de la Monusco,&nbsp;<\/em>explique un ancien ministre de la D\u00e9fense.&nbsp;<em>Pour le transport ou m\u00eame pour les munitions.\u201d<\/em><\/p>\n\n\n\n<p>\u201c<em>On attend toujours le plan du gouvernement pour lutter contre les groupes rebelles\u201d,&nbsp;<\/em>ajoute Jean-Jacques Wondo.<\/p>\n\n\n\n<p>\u201c<em>Ce d\u00e9part onusien ne profiterait pas aux Congolais dans le contexte actuel<\/em>, explique un diplomate europ\u00e9en.&nbsp;<em>L\u2019arm\u00e9e congolaise n\u2019est pas \u00e9quip\u00e9e pour faire face aux multiples menaces qui viennent de ses voisins.\u201d<\/em><\/p>\n\n\n\n<p>Les divers t\u00e9moignages recueillis pointent tous le pouvoir de Kinshasa\u2026 actuel ou ancien.&nbsp;\u201c<em>Le pr\u00e9sident Tshisekedi veut sa r\u00e9\u00e9lection et voit dans la pr\u00e9sence onusienne un emp\u00eacheur de tricher en paix\u201d,&nbsp;<\/em>explique un membre de la soci\u00e9t\u00e9 civile du Nord-Kivu.&nbsp;\u201c<em>2024, c\u2019est trop tard pour Tshisekedi,&nbsp;<\/em>confirme Jean-Jacques Wondo.&nbsp;<em>Il voudrait le d\u00e9part de la mission mais n\u2019ose pas le dire ouvertement pour ne pas se mettre \u00e0 dos les Am\u00e9ricains. Dans le m\u00eame temps, les casques bleus g\u00eanent aussi les plans rwandais, comme [le montrent] ces images infrarouges d\u2019un convoi de l\u2019arm\u00e9e rwandaise film\u00e9es par un drone de la Monusco pr\u00e8s de Bunagana\u201d<\/em>, une ville occup\u00e9e par les rebelles du M23.<\/p>\n\n\n\n<p>Pour l\u2019ex-ministre de la D\u00e9fense, l\u2019ombre de l\u2019ancien pouvoir r\u00f4de au-dessus de la pouss\u00e9e de col\u00e8re actuelle et de la pression sur la Monusco.&nbsp;\u201c<em>En cas de d\u00e9part pr\u00e9cipit\u00e9 des troupes onusiennes, Tshisekedi serait bien isol\u00e9. Il ne tient pas l\u2019arm\u00e9e. Regardez le gouverneur militaire du Nord-Kivu, Constant Ndima Kongba, un carri\u00e9riste. Regardez le g\u00e9n\u00e9ral Phil\u00e9mon Yav, qui a repris les commandes des op\u00e9rations militaires dans cette province, ce sont des hommes de l\u2019ancien r\u00e9gime. Tshisekedi ne ma\u00eetrise rien. Il pense qu\u2019il gagnerait en tranquillit\u00e9 avec le d\u00e9part de la Monusco avant les \u00e9lections. Mais ce gain serait vite mis \u00e0 profit par d\u2019autres.\u201d<\/em><\/p>\n\n\n\n<p>\u201c<em>Ce qui est certain, c\u2019est que si cette grogne populaire est r\u00e9elle, elle est aussi instrumentalis\u00e9e. On a vu des dollars circuler ces derniers jours\u201d<\/em>, explique un membre de la soci\u00e9t\u00e9 civile du Nord-Kivu.&nbsp;\u201c<em>Quand vous \u00eates dans la rue, vous ne faites pas rentrer d\u2019argent\u2026 sauf si les promoteurs de ces mouvements vous paient. Une crise qui dure plus de 48&nbsp;heures au Congo n\u2019\u00e9chappe pas souvent \u00e0 cette r\u00e8gle\u201d<\/em>, conclut un ancien gouverneur de province, qui se dit&nbsp;\u201c<em>inquiet de la tournure des \u00e9v\u00e9nements. Les \u00e9lections sont annonc\u00e9es pour fin 2023, mais qui croit encore qu\u2019elles seront organis\u00e9es \u00e0 cette date ? Cela veut dire encore beaucoup de grogne, de tension, de m\u00e9contentement. Un cocktail dangereux face \u00e0 un r\u00e9gime qui n\u2019a rien structur\u00e9 et se montre incapable de g\u00e9rer le pays\u201d.<\/em><\/p>\n<div style=\"text-align:center\" class=\"wps-pgfw-pdf-generate-icon__wrapper-frontend\">\n\t\t<a href=\"https:\/\/congokin.blog?action=genpdf&amp;id=9540\" class=\"pgfw-single-pdf-download-button\" ><img src=\"https:\/\/congokin.blog\/wp-content\/plugins\/pdf-generator-for-wp\/admin\/src\/images\/PDF_Tray.svg\" title=\"G\u00e9n\u00e9rer un PDF\" style=\"width:auto; height:45px;\"><\/a>\n\t\t<\/div>","protected":false},"excerpt":{"rendered":"<p>RDC : La Monusco, un bouc \u00e9missaire au Nord-Kivu ? Dans\u00a0Soci\u00e9t\u00e9 1 ao\u00fbt 2022 Hubert Leclercq 2221 Vues Depuis une semaine, la grogne enfle dans le Nord-Kivu contre la pr\u00e9sence onusienne. Des coups de feu mortels, tir\u00e9s par des casques bleus, dimanche, au poste-fronti\u00e8re de Kasindi, ont encore renforc\u00e9 cette col\u00e8re. \u00c0 qui peut profiter [&hellip;]<\/p>\n","protected":false},"author":8,"featured_media":0,"comment_status":"open","ping_status":"closed","sticky":false,"template":"","format":"standard","meta":{"footnotes":""},"categories":[6,7],"tags":[],"class_list":["post-9540","post","type-post","status-publish","format-standard","hentry","category-justice","category-politique"],"_links":{"self":[{"href":"https:\/\/congokin.blog\/index.php?rest_route=\/wp\/v2\/posts\/9540","targetHints":{"allow":["GET"]}}],"collection":[{"href":"https:\/\/congokin.blog\/index.php?rest_route=\/wp\/v2\/posts"}],"about":[{"href":"https:\/\/congokin.blog\/index.php?rest_route=\/wp\/v2\/types\/post"}],"author":[{"embeddable":true,"href":"https:\/\/congokin.blog\/index.php?rest_route=\/wp\/v2\/users\/8"}],"replies":[{"embeddable":true,"href":"https:\/\/congokin.blog\/index.php?rest_route=%2Fwp%2Fv2%2Fcomments&post=9540"}],"version-history":[{"count":1,"href":"https:\/\/congokin.blog\/index.php?rest_route=\/wp\/v2\/posts\/9540\/revisions"}],"predecessor-version":[{"id":9541,"href":"https:\/\/congokin.blog\/index.php?rest_route=\/wp\/v2\/posts\/9540\/revisions\/9541"}],"wp:attachment":[{"href":"https:\/\/congokin.blog\/index.php?rest_route=%2Fwp%2Fv2%2Fmedia&parent=9540"}],"wp:term":[{"taxonomy":"category","embeddable":true,"href":"https:\/\/congokin.blog\/index.php?rest_route=%2Fwp%2Fv2%2Fcategories&post=9540"},{"taxonomy":"post_tag","embeddable":true,"href":"https:\/\/congokin.blog\/index.php?rest_route=%2Fwp%2Fv2%2Ftags&post=9540"}],"curies":[{"name":"wp","href":"https:\/\/api.w.org\/{rel}","templated":true}]}}