{"id":9562,"date":"2022-08-05T11:51:38","date_gmt":"2022-08-05T11:51:38","guid":{"rendered":"https:\/\/congokin.blog\/?p=9562"},"modified":"2022-08-05T11:51:38","modified_gmt":"2022-08-05T11:51:38","slug":"amnesty-accuse-larmee-ukrainienne","status":"publish","type":"post","link":"https:\/\/congokin.blog\/?p=9562","title":{"rendered":"Amnesty accuse l&rsquo;arm\u00e9e ukrainienne"},"content":{"rendered":"\n<h1 class=\"wp-block-heading\">Amnesty accuse l&rsquo;arm\u00e9e ukrainienne de mise en danger des civils, l&rsquo;Ukraine \u00abindign\u00e9e\u00bb<\/h1>\n\n\n\n<p>04.08.2022,<\/p>\n\n\n\n<p><a href=\"https:\/\/www.mediacongo.net\/articles-actualite-0_.html\"><\/a><\/p>\n\n\n\n<figure class=\"wp-block-image\"><img decoding=\"async\" src=\"https:\/\/www.mediacongo.net\/cache\/frappe_russe_22_02144_jpg_640_350_1.jpeg\" alt=\"-\"\/><\/figure>\n\n\n\n<p><strong>L&rsquo;ONG de d\u00e9fense des droits humains affirme que des militaires ukrainiens ont mis des civils en danger en \u00e9tablissant des bases militaires dans des \u00e9coles et des h\u00f4pitaux et en lan\u00e7ant des attaques depuis des zones peupl\u00e9es pour repousser l&rsquo;invasion russe.<\/strong><\/p>\n\n\n\n<p>Entre avril et juillet, des chercheurs d&rsquo;Amnesty International ont enqu\u00eat\u00e9 sur les frappes russes dans les r\u00e9gions de Kharkiv (\u00e0 l&rsquo;Est), du Donbass et de Mykola\u00efv (au Sud-Est), inspectant les sites touch\u00e9s par des frappes et interrogeant des rescap\u00e9s, des t\u00e9moins et des proches de victimes.<\/p>\n\n\n\n<p>Selon l&rsquo;ONG, ces chercheurs ont trouv\u00e9 des preuves que les forces ukrainiennes lan\u00e7aient des frappes \u00e0 partir de zones r\u00e9sidentielles peupl\u00e9es et avaient \u00e9tabli des bases dans des b\u00e2timents civils dans 19&nbsp;villes et villages de ces r\u00e9gions.<\/p>\n\n\n\n<p>La plupart des zones r\u00e9sidentielles o\u00f9 se trouvaient les soldats \u00e9taient situ\u00e9es \u00e0 des kilom\u00e8tres des lignes de front, note Amnesty, soulignant que d&rsquo;autres options qui n&rsquo;auraient pas mis en danger les civils &#8211; comme des bases militaires ou des zones dens\u00e9ment bois\u00e9es \u00e0 proximit\u00e9 &#8211; \u00e9taient possibles.<\/p>\n\n\n\n<p>L&rsquo;ONG indique qu&rsquo;\u00e0 sa connaissance, les soldats qui se sont install\u00e9s dans ces zones d&rsquo;habitation n&rsquo;ont pas demand\u00e9 aux civils d&rsquo;\u00e9vacuer. Elle affirme que les forces ukrainiennes ont \u00e9tabli des bases militaires dans des \u00e9coles et des h\u00f4pitaux, des tactiques violent le droit international humanitaire, avertit l&rsquo;ONG dans un communiqu\u00e9.<\/p>\n\n\n\n<p>\u00ab&nbsp;Nous avons document\u00e9 une tendance des forces ukrainiennes \u00e0 mettre en danger les civils et \u00e0 violer les lois de la guerre lorsqu&rsquo;elles op\u00e8rent dans des zones peupl\u00e9es&nbsp;\u00bb, d\u00e9clare&nbsp;Agn\u00e8s Callamard, secr\u00e9taire g\u00e9n\u00e9rale d&rsquo;Amnesty International. \u00ab&nbsp;Le fait de se trouver dans une position de d\u00e9fense ne dispense pas l&rsquo;arm\u00e9e ukrainienne de respecter le droit international humanitaire&nbsp;\u00bb, ajoute-t-elle.<\/p>\n\n\n\n<p><strong>L&rsquo;Ukraine \u00ab&nbsp;indign\u00e9e&nbsp;\u00bb par des accusations \u00ab&nbsp;injustes&nbsp;\u00bb<\/strong><\/p>\n\n\n\n<p><img loading=\"lazy\" decoding=\"async\" src=\"blob:https:\/\/congokin.blog\/6d460b53-4ea1-40c6-8bfb-d4f24c8dd1fc\" alt=\"\" width=\"450\" height=\"258\"><br>Le chef de la diplomatie ukrainienne, Dmytro Kouleba, affirme jeudi dans une vid\u00e9o publi\u00e9e sur Facebook \u00eatre \u00ab&nbsp;indign\u00e9&nbsp;\u00bb par les accusations \u00ab&nbsp;injustes&nbsp;\u00bb de l&rsquo;ONG Amnesty International.&nbsp;Dmytro Kouleba accuse en retour Amnesty International de \u00ab&nbsp;cr\u00e9er un faux \u00e9quilibre entre l&rsquo;oppresseur et la victime, entre le pays qui d\u00e9truit des centaines et des milliers de civils, de villes, de territoires et le pays qui se d\u00e9fend d\u00e9sesp\u00e9r\u00e9ment&nbsp;\u00bb.<\/p>\n\n\n\n<p>\u00ab&nbsp;Cessez de cr\u00e9er cette fausse r\u00e9alit\u00e9, o\u00f9 tout le monde est un peu coupable de quelque chose, et commencez \u00e0 rapporter syst\u00e9matiquement la v\u00e9rit\u00e9 sur ce que la Russie repr\u00e9sente r\u00e9ellement aujourd&rsquo;hui&nbsp;\u00bb, ajoute-t-il.<\/p>\n\n\n\n<p>Peu auparavant, le conseiller de la pr\u00e9sidence ukrainienne Mykha\u00eflo Podoliak avait assur\u00e9 que \u00ab&nbsp;les vies des gens&nbsp;\u00bb \u00e9taient \u00ab&nbsp;la priorit\u00e9&nbsp;\u00bb et que les populations des villes proches du front \u00e9taient \u00e9vacu\u00e9es. Mykha\u00eflo Podoliak accuse Amnesty de participer \u00e0 une \u00ab&nbsp;campagne de d\u00e9sinformation et de propagande&nbsp;\u00bb au service des arguments du Kremlin.<\/p>\n\n\n\n<p>Si l&rsquo;ONG d\u00e9nonce ces tactiques ukrainiennes, elle insiste cependant sur le fait qu&rsquo;elles ne \u00ab&nbsp;justifient en aucun cas les attaques russes aveugles&nbsp;\u00bb qui ont frapp\u00e9 les populations civiles.<\/p>\n\n\n\n<p><strong><br>AFP \/ MCP, via mediacongo.net<\/strong><\/p>\n<div style=\"text-align:center\" class=\"wps-pgfw-pdf-generate-icon__wrapper-frontend\">\n\t\t<a href=\"https:\/\/congokin.blog?action=genpdf&amp;id=9562\" class=\"pgfw-single-pdf-download-button\" ><img src=\"https:\/\/congokin.blog\/wp-content\/plugins\/pdf-generator-for-wp\/admin\/src\/images\/PDF_Tray.svg\" title=\"G\u00e9n\u00e9rer un PDF\" style=\"width:auto; height:45px;\"><\/a>\n\t\t<\/div>","protected":false},"excerpt":{"rendered":"<p>Amnesty accuse l&rsquo;arm\u00e9e ukrainienne de mise en danger des civils, l&rsquo;Ukraine \u00abindign\u00e9e\u00bb 04.08.2022, L&rsquo;ONG de d\u00e9fense des droits humains affirme que des militaires ukrainiens ont mis des civils en danger en \u00e9tablissant des bases militaires dans des \u00e9coles et des h\u00f4pitaux et en lan\u00e7ant des attaques depuis des zones peupl\u00e9es pour repousser l&rsquo;invasion russe. Entre [&hellip;]<\/p>\n","protected":false},"author":9,"featured_media":0,"comment_status":"open","ping_status":"closed","sticky":false,"template":"","format":"standard","meta":{"footnotes":""},"categories":[6,7,8],"tags":[],"class_list":["post-9562","post","type-post","status-publish","format-standard","hentry","category-justice","category-politique","category-societe"],"_links":{"self":[{"href":"https:\/\/congokin.blog\/index.php?rest_route=\/wp\/v2\/posts\/9562","targetHints":{"allow":["GET"]}}],"collection":[{"href":"https:\/\/congokin.blog\/index.php?rest_route=\/wp\/v2\/posts"}],"about":[{"href":"https:\/\/congokin.blog\/index.php?rest_route=\/wp\/v2\/types\/post"}],"author":[{"embeddable":true,"href":"https:\/\/congokin.blog\/index.php?rest_route=\/wp\/v2\/users\/9"}],"replies":[{"embeddable":true,"href":"https:\/\/congokin.blog\/index.php?rest_route=%2Fwp%2Fv2%2Fcomments&post=9562"}],"version-history":[{"count":1,"href":"https:\/\/congokin.blog\/index.php?rest_route=\/wp\/v2\/posts\/9562\/revisions"}],"predecessor-version":[{"id":9563,"href":"https:\/\/congokin.blog\/index.php?rest_route=\/wp\/v2\/posts\/9562\/revisions\/9563"}],"wp:attachment":[{"href":"https:\/\/congokin.blog\/index.php?rest_route=%2Fwp%2Fv2%2Fmedia&parent=9562"}],"wp:term":[{"taxonomy":"category","embeddable":true,"href":"https:\/\/congokin.blog\/index.php?rest_route=%2Fwp%2Fv2%2Fcategories&post=9562"},{"taxonomy":"post_tag","embeddable":true,"href":"https:\/\/congokin.blog\/index.php?rest_route=%2Fwp%2Fv2%2Ftags&post=9562"}],"curies":[{"name":"wp","href":"https:\/\/api.w.org\/{rel}","templated":true}]}}