{"id":9564,"date":"2022-08-07T21:22:51","date_gmt":"2022-08-07T21:22:51","guid":{"rendered":"https:\/\/congokin.blog\/?p=9564"},"modified":"2022-08-07T21:22:51","modified_gmt":"2022-08-07T21:22:51","slug":"blinken-en-afrique-du-sud-en-rdc-et-au-rwanda-pour-contrecarrer-linfluence-russe","status":"publish","type":"post","link":"https:\/\/congokin.blog\/?p=9564","title":{"rendered":"Blinken en Afrique du Sud, en RDC et au Rwanda pour contrecarrer l\u2019influence russe"},"content":{"rendered":"\n<p>POLITIQUE<\/p>\n\n\n\n<h1 class=\"wp-block-heading\">Blinken en Afrique du Sud, en RDC et au Rwanda pour contrecarrer l\u2019influence russe<\/h1>\n\n\n\n<h2 class=\"wp-block-heading\">Le secr\u00e9taire d\u2019\u00c9tat am\u00e9ricain Antony Blinken a atterri ce dimanche 7 ao\u00fbt \u00e0 Johannesburg, avant de se rendre \u00e0 Kinshasa et \u00e0 Kigali, selon le minist\u00e8re sud-africain des Affaires \u00e9trang\u00e8res.<\/h2>\n\n\n\n<p>7 ao\u00fbt 2022 \u00e0 12:50<\/p>\n\n\n\n<p>Par&nbsp;<em>Jeune Afrique<\/em><\/p>\n\n\n\n<p>Mis \u00e0 jour le 7 ao\u00fbt 2022 \u00e0 12:50<\/p>\n\n\n\n<figure class=\"wp-block-image\"><img decoding=\"async\" src=\"https:\/\/www.jeuneafrique.com\/cdn-cgi\/image\/q=80,f=auto,metadata=none,width=1256,height=628\/https:\/\/www.jeuneafrique.com\/medias\/2021\/11\/22\/jad20211122-ass-afrique-itv-blinken-01-1256x628-1659869349.jpg\" alt=\"\"\/><figcaption>Le secr\u00e9taire d\u2019\u00c9tat am\u00e9ricain, Antony Blinken, \u00e0 l\u2019ambassade am\u00e9ricaine de Nairobi, au Kenya, le 18 novembre 2021. \u00a9 Andrew Harnik\/AP\/SIPA<\/figcaption><\/figure>\n\n\n\n<p>La visite du secr\u00e9taire d\u2019\u00c9tat am\u00e9ricain intervient peu apr\u00e8s&nbsp;<a href=\"https:\/\/www.jeuneafrique.com\/1271160\/politique\/russie-afrique-serguei-lavrov-le-penseur-etoile-de-vladimir-poutine\/\">la tourn\u00e9e africaine du ministre des Affaires \u00e9trang\u00e8res russe, Sergue\u00ef Lavrov, en juillet.<\/a>&nbsp;Depuis le d\u00e9but de l\u2019invasion russe en Ukraine le 24 f\u00e9vrier, l\u2019Afrique du Sud a adopt\u00e9 une position neutre dans le conflit, refusant de se joindre aux appels occidentaux \u00e0 condamner Moscou.\u00c0 LIRE<a href=\"https:\/\/www.jeuneafrique.com\/1364647\/politique\/etats-unis-afrique-washington-doit-sengager-bien-davantage-sur-le-continent\/\">\u00c9tats-Unis&nbsp;\u2013&nbsp;Afrique&nbsp;: \u00ab&nbsp;Washington doit s\u2019engager bien davantage sur le continent&nbsp;\u00bb<\/a><\/p>\n\n\n\n<p>Ce lundi 8&nbsp;ao\u00fbt,&nbsp;Antony Blinken doit s\u2019entretenir avec la cheffe de la diplomatie sud-africaine, Naledi Pandor, et faire des annonces concernant la nouvelle strat\u00e9gie africaine du gouvernement am\u00e9ricain. Les discussions \u00ab&nbsp;aborderont les d\u00e9veloppements r\u00e9cents et en cours concernant la situation g\u00e9opolitique mondiale&nbsp;\u00bb, a pr\u00e9cis\u00e9 Pretoria dans un communiqu\u00e9.<\/p>\n\n\n\n<p>Antony Blinken aura pour but de<a href=\"https:\/\/www.jeuneafrique.com\/1365313\/politique\/rdc-rwanda-les-details-de-la-future-visite-du-secretaire-detat-americain-antony-blinken\/\">&nbsp;montrer \u00ab&nbsp;aux pays africains qu\u2019ils ont un r\u00f4le g\u00e9ostrat\u00e9gique essentiel et sont des alli\u00e9s cruciaux<\/a>&nbsp;sur les questions les plus br\u00fblantes de notre \u00e9poque, de la promotion d\u2019un syst\u00e8me international ouvert et stable \u00e0 la lutte contre les effets du changement climatique, l\u2019ins\u00e9curit\u00e9 alimentaire et les pand\u00e9mies mondiales&nbsp;\u00bb, avait indiqu\u00e9 fin juillet le d\u00e9partement d\u2019\u00c9tat am\u00e9ricain.<\/p>\n\n\n\n<h2 class=\"wp-block-heading\">Tourn\u00e9e africaine diplomatique<\/h2>\n\n\n\n<p>Apr\u00e8s Johannesburg, Antony Blinken doit se rendre en R\u00e9publique&nbsp;d\u00e9mocratique&nbsp;du Congo, puis au Rwanda, qui conna\u00eet un regain de tensions avec son voisin congolais qui&nbsp;<a href=\"https:\/\/www.jeuneafrique.com\/1357194\/politique\/rdc-face-au-rwanda-et-au-m23-felix-tshisekedi-va-chercher-de-laide-a-washington\/\">l\u2019accuse de soutenir les rebelles du \u00ab&nbsp;Mouvement du 23 mars&nbsp;\u00bb (M23), ce que Kigali d\u00e9ment.<\/a><\/p>\n\n\n\n<p>Il s\u2019agit du deuxi\u00e8me d\u00e9placement du secr\u00e9taire d\u2019\u00c9tat am\u00e9ricain en Afrique subsaharienne depuis sa prise de fonctions.&nbsp;<a href=\"https:\/\/www.jeuneafrique.com\/1269144\/politique\/antony-blinken-le-recul-de-la-democratie-en-afrique-nous-inquiete-beaucoup\/\">L\u2019ann\u00e9e derni\u00e8re, il s\u2019\u00e9tait rendu au Kenya, au Nigeria et au S\u00e9n\u00e9gal.<\/a>\u00c0 LIRE<a href=\"https:\/\/www.jeuneafrique.com\/1275672\/politique\/comment-la-chine-et-les-etats-unis-se-disputent-lafrique\/\">Comment la Chine et les \u00c9tats-Unis se disputent l\u2019Afrique<\/a><\/p>\n\n\n\n<p>Avant l\u2019invasion russe de l\u2019Ukraine, la diplomatie am\u00e9ricaine en Afrique se concentrait surtout sur la comp\u00e9tition avec la Chine, qui a fait&nbsp;<a href=\"https:\/\/www.jeuneafrique.com\/1357162\/economie\/chine-afrique-comment-washington-veut-reprendre-le-controle-sur-les-investissements\/\">d\u2019importants investissements dans les infrastructures sur le continent africain<\/a>&nbsp;et qui, \u00e0 l\u2019inverse des \u00c9tats-Unis, l\u2019a fait sans demander de contrepartie aux \u00c9tats sur la d\u00e9mocratie ou les&nbsp;droits&nbsp;humains.<\/p>\n\n\n\n<p><strong>Avec AFP<\/strong><\/p>\n<div style=\"text-align:center\" class=\"wps-pgfw-pdf-generate-icon__wrapper-frontend\">\n\t\t<a href=\"https:\/\/congokin.blog?action=genpdf&amp;id=9564\" class=\"pgfw-single-pdf-download-button\" ><img src=\"https:\/\/congokin.blog\/wp-content\/plugins\/pdf-generator-for-wp\/admin\/src\/images\/PDF_Tray.svg\" title=\"G\u00e9n\u00e9rer un PDF\" style=\"width:auto; height:45px;\"><\/a>\n\t\t<\/div>","protected":false},"excerpt":{"rendered":"<p>POLITIQUE Blinken en Afrique du Sud, en RDC et au Rwanda pour contrecarrer l\u2019influence russe Le secr\u00e9taire d\u2019\u00c9tat am\u00e9ricain Antony Blinken a atterri ce dimanche 7 ao\u00fbt \u00e0 Johannesburg, avant de se rendre \u00e0 Kinshasa et \u00e0 Kigali, selon le minist\u00e8re sud-africain des Affaires \u00e9trang\u00e8res. 7 ao\u00fbt 2022 \u00e0 12:50 Par&nbsp;Jeune Afrique Mis \u00e0 jour [&hellip;]<\/p>\n","protected":false},"author":9,"featured_media":0,"comment_status":"open","ping_status":"closed","sticky":false,"template":"","format":"standard","meta":{"footnotes":""},"categories":[7,8],"tags":[],"class_list":["post-9564","post","type-post","status-publish","format-standard","hentry","category-politique","category-societe"],"_links":{"self":[{"href":"https:\/\/congokin.blog\/index.php?rest_route=\/wp\/v2\/posts\/9564","targetHints":{"allow":["GET"]}}],"collection":[{"href":"https:\/\/congokin.blog\/index.php?rest_route=\/wp\/v2\/posts"}],"about":[{"href":"https:\/\/congokin.blog\/index.php?rest_route=\/wp\/v2\/types\/post"}],"author":[{"embeddable":true,"href":"https:\/\/congokin.blog\/index.php?rest_route=\/wp\/v2\/users\/9"}],"replies":[{"embeddable":true,"href":"https:\/\/congokin.blog\/index.php?rest_route=%2Fwp%2Fv2%2Fcomments&post=9564"}],"version-history":[{"count":1,"href":"https:\/\/congokin.blog\/index.php?rest_route=\/wp\/v2\/posts\/9564\/revisions"}],"predecessor-version":[{"id":9565,"href":"https:\/\/congokin.blog\/index.php?rest_route=\/wp\/v2\/posts\/9564\/revisions\/9565"}],"wp:attachment":[{"href":"https:\/\/congokin.blog\/index.php?rest_route=%2Fwp%2Fv2%2Fmedia&parent=9564"}],"wp:term":[{"taxonomy":"category","embeddable":true,"href":"https:\/\/congokin.blog\/index.php?rest_route=%2Fwp%2Fv2%2Fcategories&post=9564"},{"taxonomy":"post_tag","embeddable":true,"href":"https:\/\/congokin.blog\/index.php?rest_route=%2Fwp%2Fv2%2Ftags&post=9564"}],"curies":[{"name":"wp","href":"https:\/\/api.w.org\/{rel}","templated":true}]}}