{"id":9575,"date":"2022-08-08T09:53:36","date_gmt":"2022-08-08T09:53:36","guid":{"rendered":"https:\/\/congokin.blog\/?p=9575"},"modified":"2022-08-08T09:54:55","modified_gmt":"2022-08-08T09:54:55","slug":"a-propos-des-arrestations-arbitraires-operees-par-lanr-sous-le-regime-tshisekedi","status":"publish","type":"post","link":"https:\/\/congokin.blog\/?p=9575","title":{"rendered":"\u00c0 propos des arrestations arbitraires op\u00e9r\u00e9es par l&rsquo;ANR sous le r\u00e9gime Tshisekedi"},"content":{"rendered":"\n<p><strong>RDC : pour ACAJ et Justicia Asbl, les arrestations et d\u00e9tentions \u201carbitraires\u201d op\u00e9r\u00e9es par l\u2019ANR plombent l\u2019Etat de droit pron\u00e9 au sommet de l\u2019Etat<\/strong><\/p>\n\n\n\n<p>Dimanche 7 ao\u00fbt 2022 &#8211; 12:49<\/p>\n\n\n\n<p><a href=\"https:\/\/actualite.cd\/category\/justice\">Justice<\/a><\/p>\n\n\n\n<p><\/p>\n\n\n\n<figure class=\"wp-block-image\"><img decoding=\"async\" src=\"https:\/\/actualite.cd\/sites\/default\/files\/styles\/800_400\/public\/2022-08\/WhatsApp%20Image%202022-08-06%20at%2018.25.32.jpeg?itok=uex7xjWb\" alt=\"A\"\/><\/figure>\n\n\n\n<p>Ph. ACTUALITE.CD<\/p>\n\n\n\n<p><strong>L&rsquo;Association congolaise pour l&rsquo;acc\u00e8s \u00e0 la justice (ACAJ) avec l&rsquo;ONG Justicia Asbl ont d\u00e9nonc\u00e9, vendredi 5 ao\u00fbt, au cours d&rsquo;un point de presse, la succession des arrestations et d\u00e9tention \u201carbitraires\u201d op\u00e9r\u00e9es ces derniers temps par les agents de l&rsquo;Agence nationale de renseignement (ANR).&nbsp;<\/strong><\/p>\n\n\n\n<p><\/p>\n\n\n\n<blockquote class=\"wp-block-quote is-layout-flow wp-block-quote-is-layout-flow\"><p>\u00a0\u00bb\u00a0 Apr\u00e8s un monitoring fourni et bien document\u00e9, l&rsquo;ACAJ et Justicia Asbl, nous avons fait un constat que depuis un temps on d\u00e9tient ou arr\u00eate des personnes arbitrairement. En ce jour, nous avons fait les statistiques : plus ou moins 30 personnes sont d\u00e9tenues arbitrairement \u00e0 travers le pays dans les locaux de l&rsquo;ANR,\u00a0 et donc l&rsquo;Acaj et justicia asbl, nous d\u00e9non\u00e7ons cette pratique qui est en train de plomber l&rsquo;Etat de droit qui est tr\u00e8s voulu par le chef de l&rsquo;\u00c9tat F\u00e9lix Tshisekedi \u00ab\u00a0, a expliqu\u00e9 Me Bopaul Mupemba, d\u00e9fenseur de droit de l&rsquo;homme \u00e0 l&rsquo;ACAJ.<\/p><p><\/p><\/blockquote>\n\n\n\n<p>\u00c0 son tour, Georges Kapiamba, Pr\u00e9sident de l&rsquo;ACAJ, a d\u00e9montr\u00e9 que ces arrestations arbitraires violent la constitution de la R\u00e9publique en son article 12, 17, 18 et 19.<\/p>\n\n\n\n<blockquote class=\"wp-block-quote is-layout-flow wp-block-quote-is-layout-flow\"><p>\u00a0\u00bb&nbsp; La constitution de notre pays qui fonde un \u00e9tat de droit a pr\u00e9vu aussi aux articles 12,17, 18 et 19 les conditions de fond et de forme dans lesquelles ces personnes qui sont soup\u00e7onn\u00e9es d&rsquo;\u00eatre impliqu\u00e9es dans une infraction, quelle que soit sa gravit\u00e9, doivent \u00eatre interpell\u00e9es, arr\u00eat\u00e9es ou d\u00e9tenues (&#8230;) ce qui veut dire que ces pr\u00e9visions fondent en r\u00e9alit\u00e9 les droits fondamentaux qui doivent \u00eatre observ\u00e9s par tout agent de l&rsquo;Etat. Le pr\u00e9sident de la R\u00e9publique a plusieurs fois dans ses interventions rappel\u00e9 qu&rsquo;il a plac\u00e9 son mandat sous le sceau de la protection des droits et libert\u00e9s fondamentaux des citoyens. Il n&rsquo;a cess\u00e9 de marteler en disant qu&rsquo;il ne tol\u00e9rera pas des violations des droits humains. Et que tout agent public de l&rsquo;Etat investi d&rsquo;un quelconque pouvoir lui permettant de restreindre l&rsquo;exercice de libert\u00e9 des citoyens doit conformer son acte \u00e0 la constitution et aux lois de la R\u00e9publique \u00ab\u00a0, a d\u00e9clar\u00e9 Georges Kapiamba.<\/p><\/blockquote>\n\n\n\n<p>Au cours de cette activit\u00e9, quelques recommandations ont \u00e9t\u00e9 reformul\u00e9es notamment aux agents de l&rsquo;ANR de pouvoir proc\u00e9der \u00e0 la lib\u00e9ration de ces personnes ou soit les transf\u00e9r\u00e9s devant le parquet qui est l&rsquo;institution comp\u00e9tente pour entendre ces gens et fixer le dossier devant le tribunal. Au gouvernement, de s&rsquo;impliquer pour consolider l&rsquo;Etat de droit pr\u00f4n\u00e9e par le chef de l&rsquo;\u00c9tat. Ces ONG attendent \u00e9galement voir le gouvernement agir pour rassurer l&rsquo;opinion tant nationale qu&rsquo;internationale sur sa d\u00e9termination \u00e0 faire en sorte que les services de s\u00e9curit\u00e9 s&rsquo;arriment effectivement au vent de changement \u00e0 travers le respect des droits de l&rsquo;homme.<\/p>\n\n\n\n<p><strong>Gr\u00e2ce Guka<\/strong><\/p>\n<div style=\"text-align:center\" class=\"wps-pgfw-pdf-generate-icon__wrapper-frontend\">\n\t\t<a href=\"https:\/\/congokin.blog?action=genpdf&amp;id=9575\" class=\"pgfw-single-pdf-download-button\" ><img src=\"https:\/\/congokin.blog\/wp-content\/plugins\/pdf-generator-for-wp\/admin\/src\/images\/PDF_Tray.svg\" title=\"G\u00e9n\u00e9rer un PDF\" style=\"width:auto; height:45px;\"><\/a>\n\t\t<\/div>","protected":false},"excerpt":{"rendered":"<p>RDC : pour ACAJ et Justicia Asbl, les arrestations et d\u00e9tentions \u201carbitraires\u201d op\u00e9r\u00e9es par l\u2019ANR plombent l\u2019Etat de droit pron\u00e9 au sommet de l\u2019Etat Dimanche 7 ao\u00fbt 2022 &#8211; 12:49 Justice Ph. ACTUALITE.CD L&rsquo;Association congolaise pour l&rsquo;acc\u00e8s \u00e0 la justice (ACAJ) avec l&rsquo;ONG Justicia Asbl ont d\u00e9nonc\u00e9, vendredi 5 ao\u00fbt, au cours d&rsquo;un point de [&hellip;]<\/p>\n","protected":false},"author":9,"featured_media":0,"comment_status":"open","ping_status":"closed","sticky":false,"template":"","format":"standard","meta":{"footnotes":""},"categories":[6,7,8],"tags":[],"class_list":["post-9575","post","type-post","status-publish","format-standard","hentry","category-justice","category-politique","category-societe"],"_links":{"self":[{"href":"https:\/\/congokin.blog\/index.php?rest_route=\/wp\/v2\/posts\/9575","targetHints":{"allow":["GET"]}}],"collection":[{"href":"https:\/\/congokin.blog\/index.php?rest_route=\/wp\/v2\/posts"}],"about":[{"href":"https:\/\/congokin.blog\/index.php?rest_route=\/wp\/v2\/types\/post"}],"author":[{"embeddable":true,"href":"https:\/\/congokin.blog\/index.php?rest_route=\/wp\/v2\/users\/9"}],"replies":[{"embeddable":true,"href":"https:\/\/congokin.blog\/index.php?rest_route=%2Fwp%2Fv2%2Fcomments&post=9575"}],"version-history":[{"count":3,"href":"https:\/\/congokin.blog\/index.php?rest_route=\/wp\/v2\/posts\/9575\/revisions"}],"predecessor-version":[{"id":9578,"href":"https:\/\/congokin.blog\/index.php?rest_route=\/wp\/v2\/posts\/9575\/revisions\/9578"}],"wp:attachment":[{"href":"https:\/\/congokin.blog\/index.php?rest_route=%2Fwp%2Fv2%2Fmedia&parent=9575"}],"wp:term":[{"taxonomy":"category","embeddable":true,"href":"https:\/\/congokin.blog\/index.php?rest_route=%2Fwp%2Fv2%2Fcategories&post=9575"},{"taxonomy":"post_tag","embeddable":true,"href":"https:\/\/congokin.blog\/index.php?rest_route=%2Fwp%2Fv2%2Ftags&post=9575"}],"curies":[{"name":"wp","href":"https:\/\/api.w.org\/{rel}","templated":true}]}}