{"id":9581,"date":"2022-08-08T10:05:41","date_gmt":"2022-08-08T10:05:41","guid":{"rendered":"https:\/\/congokin.blog\/?p=9581"},"modified":"2022-08-08T10:05:41","modified_gmt":"2022-08-08T10:05:41","slug":"attaques-dans-le-nord-est-31-morts","status":"publish","type":"post","link":"https:\/\/congokin.blog\/?p=9581","title":{"rendered":"Attaques dans le nord-est\u00a0: 31 morts"},"content":{"rendered":"\n<h1 class=\"wp-block-heading\">Attaques dans le nord-est&nbsp;: 31 morts<\/h1>\n\n\n\n<p>\u00a0<\/p>\n\n\n\n<figure class=\"wp-block-image\"><img decoding=\"async\" src=\"https:\/\/www.lesoir.be\/sites\/all\/themes\/enacarbon_lesoir\/images\/s-lesoir.svg\" alt=\"Image auteur par d\u00e9faut\"\/><\/figure>\n\n\n\n<p>Par BELGAPubli\u00e9 le 8\/08\/2022 \u00e0 00:00&nbsp;Temps de lecture: 1 min<\/p>\n\n\n\n<p>RD Congo<\/p>\n\n\n\n<p>Attaques dans le nord-est&nbsp;: 31 morts<\/p>\n\n\n\n<p>31 personnes sont mortes au cours du week-end dans le nord-est de la R\u00e9publique d\u00e9mocratique du Congo (RDC) lorsque des milices s\u2019en sont prises \u00e0 des villages. Samedi,<\/p>\n\n\n\n<p>22 personnes ont \u00e9t\u00e9 tu\u00e9es lors d\u2019une c\u00e9r\u00e9monie fun\u00e9raire, selon un porte-parole de l\u2019arm\u00e9e. Seize autres personnes ont \u00e9t\u00e9 bless\u00e9es. Auparavant, des rebelles arm\u00e9s ont tu\u00e9 neuf personnes dans un autre village, des attaques attribu\u00e9es aux rebelles des Forces d\u00e9mocratiques alli\u00e9es.<\/p>\n<div style=\"text-align:center\" class=\"wps-pgfw-pdf-generate-icon__wrapper-frontend\">\n\t\t<a href=\"https:\/\/congokin.blog?action=genpdf&amp;id=9581\" class=\"pgfw-single-pdf-download-button\" ><img src=\"https:\/\/congokin.blog\/wp-content\/plugins\/pdf-generator-for-wp\/admin\/src\/images\/PDF_Tray.svg\" title=\"G\u00e9n\u00e9rer un PDF\" style=\"width:auto; height:45px;\"><\/a>\n\t\t<\/div>","protected":false},"excerpt":{"rendered":"<p>Attaques dans le nord-est&nbsp;: 31 morts \u00a0 Par BELGAPubli\u00e9 le 8\/08\/2022 \u00e0 00:00&nbsp;Temps de lecture: 1 min RD Congo Attaques dans le nord-est&nbsp;: 31 morts 31 personnes sont mortes au cours du week-end dans le nord-est de la R\u00e9publique d\u00e9mocratique du Congo (RDC) lorsque des milices s\u2019en sont prises \u00e0 des villages. Samedi, 22 personnes [&hellip;]<\/p>\n","protected":false},"author":9,"featured_media":0,"comment_status":"open","ping_status":"closed","sticky":false,"template":"","format":"standard","meta":{"footnotes":""},"categories":[6,7,8],"tags":[],"class_list":["post-9581","post","type-post","status-publish","format-standard","hentry","category-justice","category-politique","category-societe"],"_links":{"self":[{"href":"https:\/\/congokin.blog\/index.php?rest_route=\/wp\/v2\/posts\/9581","targetHints":{"allow":["GET"]}}],"collection":[{"href":"https:\/\/congokin.blog\/index.php?rest_route=\/wp\/v2\/posts"}],"about":[{"href":"https:\/\/congokin.blog\/index.php?rest_route=\/wp\/v2\/types\/post"}],"author":[{"embeddable":true,"href":"https:\/\/congokin.blog\/index.php?rest_route=\/wp\/v2\/users\/9"}],"replies":[{"embeddable":true,"href":"https:\/\/congokin.blog\/index.php?rest_route=%2Fwp%2Fv2%2Fcomments&post=9581"}],"version-history":[{"count":1,"href":"https:\/\/congokin.blog\/index.php?rest_route=\/wp\/v2\/posts\/9581\/revisions"}],"predecessor-version":[{"id":9582,"href":"https:\/\/congokin.blog\/index.php?rest_route=\/wp\/v2\/posts\/9581\/revisions\/9582"}],"wp:attachment":[{"href":"https:\/\/congokin.blog\/index.php?rest_route=%2Fwp%2Fv2%2Fmedia&parent=9581"}],"wp:term":[{"taxonomy":"category","embeddable":true,"href":"https:\/\/congokin.blog\/index.php?rest_route=%2Fwp%2Fv2%2Fcategories&post=9581"},{"taxonomy":"post_tag","embeddable":true,"href":"https:\/\/congokin.blog\/index.php?rest_route=%2Fwp%2Fv2%2Ftags&post=9581"}],"curies":[{"name":"wp","href":"https:\/\/api.w.org\/{rel}","templated":true}]}}