{"id":9583,"date":"2022-08-08T10:15:47","date_gmt":"2022-08-08T10:15:47","guid":{"rendered":"https:\/\/congokin.blog\/?p=9583"},"modified":"2022-08-08T10:15:47","modified_gmt":"2022-08-08T10:15:47","slug":"le-ministre-rwandais-des-affaires-etrangeres-reconnait-la-presence-des-troupes-rwandaises-en-rdc","status":"publish","type":"post","link":"https:\/\/congokin.blog\/?p=9583","title":{"rendered":"Le Ministre rwandais des Affaires \u00e9trang\u00e8res reconnait la pr\u00e9sence des troupes rwandaises en RDC"},"content":{"rendered":"\n<h1 class=\"wp-block-heading\">Vincent Biruta reconna\u00eet la pr\u00e9sence des troupes rwandaises dans l\u2019Est<\/h1>\n\n\n\n<p>08.08.2022,<\/p>\n\n\n\n<p><a href=\"https:\/\/www.mediacongo.net\/articles-actualite-0_.html\"><\/a><\/p>\n\n\n\n<figure class=\"wp-block-image\"><img decoding=\"async\" src=\"https:\/\/www.mediacongo.net\/cache\/biruta_vincent_22_5421_jpg_640_350_1.jpeg\" alt=\"-\"\/><\/figure>\n\n\n\n<p>Vincent Biruta<\/p>\n\n\n\n<p><strong>\u201cQu\u2019il y ait des vingtaines, des trentaines ou des centaines de soldats rwandais en RDC, \u00e7a importe peu\u201d, a d\u00e9clar\u00e9 dimanche matin sur RFI, le docteur Vincent Biruta, ministre rwandais des Affaires \u00e9trang\u00e8res.<\/strong><\/p>\n\n\n\n<p>Une r\u00e9action m\u00e9prisante qui donne le droit aux seuls Rwandais de d\u00e9fendre leur territoire jamais agress\u00e9 et veut interdire aux Congolais la d\u00e9sapprobation des comportements belliqueux de Kigali sur son territoire.<\/p>\n\n\n\n<p>L\u2019interview RFI du ministre rwandais des Affaires \u00e9trang\u00e8res vient \u00e9taler l\u2019arrogance politique et militaire du Rwanda sur la r\u00e9gion des Grands lacs et son d\u00e9terminisme \u00e0 saboter toute initiative de paix dans l\u2019est de la R\u00e9publique d\u00e9mocratique du Congo. Vincent Biruta se refuse de confirmer les accusations contenues dans le rapport des experts des Nations unies attestant que depuis novembre 2021, des centaines de soldats de la Force de D\u00e9fense du Rwanda (RDF) ont travers\u00e9 la fronti\u00e8re pour mener une agression arm\u00e9e d\u2019une extr\u00eame brutalit\u00e9 criminelle sur les populations congolaises. \u201cJ\u2019ai entendu que le Rwanda \u00e9tait accus\u00e9 d\u2019\u00eatre intervenu aupr\u00e8s du groupe M23 en RDC. J\u2019esp\u00e8re que les experts ont pu produire un rapport bas\u00e9 sur des faits. Et si les experts n\u2019ont vu que les soldats rwandais et n\u2019ont pas pu rapporter sur la collaboration des FDLR et les Forces arm\u00e9es de la R\u00e9publique d\u00e9mocratique du Congo, si les drones qu\u2019ils ont utilis\u00e9, n\u2019ont vu que les soldats rwandais et n\u2019ont pas pu identifier les pi\u00e8ces d\u2019artillerie qui ont bombard\u00e9 le territoire rwandais \u00e0 partir de la R\u00e9publique d\u00e9mocratique du Congo le 19 mars, le 23 mai et le 10 juin. Si les experts n\u2019ont pas pu rapporter sur les discours de haine qui ont \u00e9t\u00e9 diffus\u00e9s ces derniers temps par les dirigeants du gouvernement, les membres de la soci\u00e9t\u00e9 civile, par des individus congolais, il y aurait probl\u00e8me\u201d, s\u2019est content\u00e9 de r\u00e9pondre Vincent Biruta.<\/p>\n\n\n\n<p>Pour le Rwanda, il se tramerait un certain projet d\u2019attaquer le Rwanda \u00e0 partir de la RDC, ce qui justifierait son soutien au M23. Vincent Biruta d\u00e9finit m\u00eame, \u00e0 sa mani\u00e8re, le mouvement du 23 mars dit M23 en ces termes. \u201cLe M23 est un mouvement congolais compos\u00e9 dans sa grande majorit\u00e9 des personnes qui parlent le kinyarwanda. Mais ils parlent le kinyarwanda, c\u2019est \u00e0 cause de l\u2019histoire, ce ne sont pas eux qui sont \u00e0 l\u2019origine de ce probl\u00e8me\u201d. Tr\u00e8s simpliste dans son argumentation, l\u2019homme d\u2019\u00c9tat rwandais va jusqu\u2019\u00e0 \u00e9voquer l\u2019existence en RDC d\u2019environ 130 groupes arm\u00e9s.<\/p>\n\n\n\n<p>Vincent Biruta s\u2019\u00e9tonne de voir les experts de l\u2019ONU ne s\u2019int\u00e9resser qu\u2019au seul M23, leur prot\u00e9g\u00e9 dont il affirme avoir conclu des accords avec Kinshasa en 2013. Grande innovation dans cette rh\u00e9torique rwandaise, Biruta ne fait plus allusion, comme Paul Kagame, \u00e0 un quelconque accord qui aurait \u00e9t\u00e9 conclu par F\u00e9lix Tshisekedi avec le m\u00eame M23 en 2019.<\/p>\n\n\n\n<p><strong>Le Rwanda confirme pour la premi\u00e8re fois la pr\u00e9sence de son arm\u00e9e dans la r\u00e9bellion M23<\/strong><\/p>\n\n\n\n<figure class=\"wp-block-image\"><img decoding=\"async\" src=\"https:\/\/static.dw.com\/image\/18128724_303.jpg\" alt=\"\"\/><\/figure>\n\n\n\n<p>Le ministre rwandais des Affaires \u00e9trang\u00e8res ne cache plus la pr\u00e9sence de son arm\u00e9e en terre congolaise. Vincent Biruta trouve moins graves les incursions r\u00e9p\u00e9titives et criminelles de son arm\u00e9e sur le sol congolais et ne se g\u00eane pas du tout d\u2019assumer leur droit \u00e0 l\u2019int\u00e9grit\u00e9 territoriale.<\/p>\n\n\n\n<p>Le Rwanda se donne ainsi le droit d\u2019ing\u00e9rence qu\u2019il ne veut absolument pas reconna\u00eetre \u00e0 Kinshasa. Au sujet de cette pr\u00e9sence irr\u00e9guli\u00e8re de l\u2019arm\u00e9e rwandaise en terre congolaise, Vincent Biruta r\u00e9pond par l\u2019arrogance.<\/p>\n\n\n\n<p>\u201cQue \u00e7a soit 10, que \u00e7a soit 20, que \u00e7a soit 30, \u00e7a ne compte pas. Moi, je vous dis, il y a des attaques sur le territoire rwandais \u00e0 partir du territoire congolais, et il y a eu des FDLR qui collaborent avec les FARDC et qui se sont infiltr\u00e9s sur notre territoire au mois de novembre 2021, \u00e7a c\u2019est la derni\u00e8re attaque, et qui ont tu\u00e9 des citoyens rwandais. C\u2019est une violation de la souverainet\u00e9, c\u2019est une violation de notre int\u00e9grit\u00e9 territoriale et c\u2019est une menace \u00e0 la s\u00e9curit\u00e9 de notre pays. Donc, tout cela doit \u00eatre pris au s\u00e9rieux. Ce n\u2019est pas une question des vingtaines, des trentaines ou des centaines de soldats rwandais entr\u00e9s au Congo, \u00e7a \u00e7a importe peu\u201d.<\/p>\n\n\n\n<p>Le discours rwandais vient changer la donne de la crise. Entre le Rwanda qui d\u00e9nonce trois actes isol\u00e9s d\u2019infiltration ennemie et la RDC qui condamne une pr\u00e9sence d\u2019occupation de son territoire, il y a lieu de tirer la conclusion.<\/p>\n\n\n\n<p>En confirmant la pr\u00e9sence des troupes rwandaises sur le sol congolais, sans autorisation, sans accord pr\u00e9alable de coop\u00e9ration militaire, dans une agression longtemps d\u00e9cri\u00e9e par la RDC et toute la communaut\u00e9 internationale, Kigali s\u2019assume. Il joue son r\u00f4le trouble dans la r\u00e9gion avec toutes les cons\u00e9quences qu\u2019implique pareille \u00e9volution de la crise.<\/p>\n\n\n\n<p>Il appartient maintenant \u00e0 la R\u00e9publique d\u00e9mocratique du Congo de comptabiliser les cons\u00e9quences humaines, mat\u00e9rielles, mini\u00e8res, douani\u00e8res, \u00e9conomiques et territoriales de cette occupation rwandaise. Ce qui permettrait aux Nations unies d\u2019infliger \u00e0 Kigali, les sanctions proportionnelles aux crimes commis sur le territoire de la RDC. Car, comme l\u2019a dit Vincent Biruta sur RFI, le principe de souverainet\u00e9 s\u2019applique aussi bien au Rwanda qu\u2019\u00e0 la R\u00e9publique d\u00e9mocratique du Congo.<\/p>\n\n\n\n<p><strong>Athanase Mwenge<br>OURAGAN \/ MCP, via mediacongo.net<\/strong><\/p>\n<div style=\"text-align:center\" class=\"wps-pgfw-pdf-generate-icon__wrapper-frontend\">\n\t\t<a href=\"https:\/\/congokin.blog?action=genpdf&amp;id=9583\" class=\"pgfw-single-pdf-download-button\" ><img src=\"https:\/\/congokin.blog\/wp-content\/plugins\/pdf-generator-for-wp\/admin\/src\/images\/PDF_Tray.svg\" title=\"G\u00e9n\u00e9rer un PDF\" style=\"width:auto; height:45px;\"><\/a>\n\t\t<\/div>","protected":false},"excerpt":{"rendered":"<p>Vincent Biruta reconna\u00eet la pr\u00e9sence des troupes rwandaises dans l\u2019Est 08.08.2022, Vincent Biruta \u201cQu\u2019il y ait des vingtaines, des trentaines ou des centaines de soldats rwandais en RDC, \u00e7a importe peu\u201d, a d\u00e9clar\u00e9 dimanche matin sur RFI, le docteur Vincent Biruta, ministre rwandais des Affaires \u00e9trang\u00e8res. Une r\u00e9action m\u00e9prisante qui donne le droit aux seuls [&hellip;]<\/p>\n","protected":false},"author":9,"featured_media":0,"comment_status":"open","ping_status":"closed","sticky":false,"template":"","format":"standard","meta":{"footnotes":""},"categories":[3,6,7,8],"tags":[],"class_list":["post-9583","post","type-post","status-publish","format-standard","hentry","category-diplomatie","category-justice","category-politique","category-societe"],"_links":{"self":[{"href":"https:\/\/congokin.blog\/index.php?rest_route=\/wp\/v2\/posts\/9583","targetHints":{"allow":["GET"]}}],"collection":[{"href":"https:\/\/congokin.blog\/index.php?rest_route=\/wp\/v2\/posts"}],"about":[{"href":"https:\/\/congokin.blog\/index.php?rest_route=\/wp\/v2\/types\/post"}],"author":[{"embeddable":true,"href":"https:\/\/congokin.blog\/index.php?rest_route=\/wp\/v2\/users\/9"}],"replies":[{"embeddable":true,"href":"https:\/\/congokin.blog\/index.php?rest_route=%2Fwp%2Fv2%2Fcomments&post=9583"}],"version-history":[{"count":1,"href":"https:\/\/congokin.blog\/index.php?rest_route=\/wp\/v2\/posts\/9583\/revisions"}],"predecessor-version":[{"id":9584,"href":"https:\/\/congokin.blog\/index.php?rest_route=\/wp\/v2\/posts\/9583\/revisions\/9584"}],"wp:attachment":[{"href":"https:\/\/congokin.blog\/index.php?rest_route=%2Fwp%2Fv2%2Fmedia&parent=9583"}],"wp:term":[{"taxonomy":"category","embeddable":true,"href":"https:\/\/congokin.blog\/index.php?rest_route=%2Fwp%2Fv2%2Fcategories&post=9583"},{"taxonomy":"post_tag","embeddable":true,"href":"https:\/\/congokin.blog\/index.php?rest_route=%2Fwp%2Fv2%2Ftags&post=9583"}],"curies":[{"name":"wp","href":"https:\/\/api.w.org\/{rel}","templated":true}]}}