{"id":9588,"date":"2022-08-08T14:44:52","date_gmt":"2022-08-08T14:44:52","guid":{"rendered":"https:\/\/congokin.blog\/?p=9588"},"modified":"2022-08-08T14:44:52","modified_gmt":"2022-08-08T14:44:52","slug":"comment-corneille-nangaa-plaide-sa-cause-aupres-de-washington","status":"publish","type":"post","link":"https:\/\/congokin.blog\/?p=9588","title":{"rendered":"Comment Corneille Nangaa plaide sa cause aupr\u00e8s de Washington"},"content":{"rendered":"\n<h1 class=\"wp-block-heading\">RDC : comment Corneille Nangaa plaide sa cause aupr\u00e8s de Washington<\/h1>\n\n\n\n<h2 class=\"wp-block-heading\">L\u2019ancien patron de la Ceni, qui se d\u00e9m\u00e8ne pour obtenir la lev\u00e9e des sanctions qui p\u00e8sent sur lui depuis 2019, tente de profiter de la visite d\u2019Antony Blinken pour d\u00e9fendre son cas.<\/h2>\n\n\n\n<p><\/p>\n\n\n\n<p>8 ao\u00fbt 2022 \u00e0 16:21<\/p>\n\n\n\n<p>Par&nbsp;<em>Jeune Afrique<\/em><\/p>\n\n\n\n<p>Mis \u00e0 jour le 8 ao\u00fbt 2022 \u00e0 16:32<\/p>\n\n\n\n<figure class=\"wp-block-image\"><img decoding=\"async\" src=\"https:\/\/www.jeuneafrique.com\/cdn-cgi\/image\/q=80,f=auto,metadata=none,width=1256,height=628\/https:\/\/www.jeuneafrique.com\/medias\/2022\/08\/08\/jad20220808-conf-rdc-corneillenangaa-1256x628-1659967279.jpg\" alt=\"\"\/><figcaption>Corneille Nangaa \u00e0 Kinshasa. \u00a9 Gwenn Dubourthoumieu pour JA<\/figcaption><\/figure>\n\n\n\n<p>Chef d\u2019orchestre des \u00e9lections controvers\u00e9es de d\u00e9cembre 2018,&nbsp;<strong>Corneille Nangaa<\/strong>&nbsp;tente toujours d\u2019obtenir la lev\u00e9e des sanctions que le Tr\u00e9sor am\u00e9ricain lui a inflig\u00e9es en mars 2019. Accus\u00e9 de corruption et d\u2019entrave au processus d\u00e9mocratique, il a vu ses avoirs outre-Atlantique gel\u00e9s et il lui est interdit d\u2019effectuer des transactions avec toute personne se trouvant sur le sol am\u00e9ricain. Ces lourdes sanctions visent aussi son ancien vice-pr\u00e9sident au sein de la centrale \u00e9lectorale,&nbsp;<strong>Norbert Basengezi,<\/strong>&nbsp;ainsi&nbsp;que&nbsp;<strong>Marcellin Mukolo<\/strong>, fils de ce dernier et conseiller \u00e0 la Commission \u00e9lectorale nationale ind\u00e9pendante (Ceni). Depuis f\u00e9vrier 2019,&nbsp;<a href=\"https:\/\/www.jeuneafrique.com\/740116\/politique\/rdc-washington-sanctionne-le-chef-de-la-commission-electorale-corneille-nangaa\/\" target=\"_blank\" rel=\"noreferrer noopener\">le D\u00e9partement d\u2019\u00c9tat leur interdisait d\u00e9j\u00e0 l\u2019acc\u00e8s au territoire am\u00e9ricain.<\/a><\/p>\n\n\n\n<h2 class=\"wp-block-heading\">\u00ab&nbsp;M\u00e9fiance g\u00e9n\u00e9ralis\u00e9e&nbsp;\u00bb<\/h2>\n\n\n\n<p>Rest\u00e9 proche de&nbsp;<strong>Joseph Kabila<\/strong>, tout en maintenant un canal de discussion avec&nbsp;<strong>F\u00e9lix Tshisekedi<\/strong>, l\u2019ex-patron de la commission \u00e9lectorale esp\u00e8re profiter de la visite imminente du secr\u00e9taire d\u2019\u00c9tat am\u00e9ricain,&nbsp;<strong>Antony Blinken<\/strong>,&nbsp;<a href=\"https:\/\/www.jeuneafrique.com\/1365313\/politique\/rdc-rwanda-les-details-de-la-future-visite-du-secretaire-detat-americain-antony-blinken\/\" target=\"_blank\" rel=\"noreferrer noopener\">attendu \u00e0 Kinshasa les 9 et 10 ao\u00fbt, pour faire avancer son dossier.<\/a>&nbsp;Le 5 ao\u00fbt, Nangaa a adress\u00e9 un courrier au patron de la diplomatie am\u00e9ricaine dans lequel il mentionne \u00ab&nbsp;la n\u00e9cessit\u00e9 de r\u00e9\u00e9valuer les sanctions am\u00e9ricaines li\u00e9es au processus \u00e9lectoral de 2018&nbsp;\u00bb.<\/p>\n\n\n\n<p>Dans sa lettre, il \u00e9voque tour \u00e0 tour le caract\u00e8re \u00ab&nbsp;crucial et d\u00e9licat&nbsp;\u00bb du dernier scrutin, qui s\u2019est d\u00e9roul\u00e9 dans un contexte de \u00ab&nbsp;m\u00e9fiance g\u00e9n\u00e9ralis\u00e9e&nbsp;\u00bb et de \u00ab&nbsp;d\u00e9fiance permanente&nbsp;\u00bb, notamment du fait de l\u2019usage de la&nbsp;machine&nbsp;\u00e0 voter. Selon lui, l\u2019approbation donn\u00e9e \u00e0 cet outil est aujourd\u2019hui \u00ab&nbsp;d\u2019autant plus forte&nbsp;\u00bb que son fournisseur, le sud-cor\u00e9en Miru System, a d\u00e9croch\u00e9 le march\u00e9 de fourniture des kits d\u2019enr\u00f4lement pour le vote de 2023.\u00c0 LIRE<a href=\"https:\/\/www.jeuneafrique.com\/1240646\/politique\/rdc-corneille-nangaa-president-malgre-lui\/\">RDC : Corneille Nangaa en terrain glissant<\/a><\/p>\n\n\n\n<p>Pour Nangaa, qui rejette aussi la responsabilit\u00e9 du glissement des derni\u00e8res \u00e9lections, la validation, par l\u2019Assembl\u00e9e nationale, du rapport interne de la Ceni concernant le dernier processus \u00e9lectoral, ainsi que le fait qu\u2019il n\u2019occupe, \u00e0 ce jour, plus aucune fonction dans le domaine \u00e9lectoral, devraient l\u2019exclure des crit\u00e8res de d\u00e9signation pr\u00e9vus pour ces sanctions. \u00ab&nbsp;Le processus \u00e9lectoral de 2018 a \u00e9t\u00e9 d\u00e9finitivement approuv\u00e9 et ses animateurs ne devraient donc plus faire l\u2019objet de r\u00e9probation&nbsp;\u00bb, \u00e9crit-il.<\/p>\n\n\n\n<p>Les efforts de Nangaa pour se d\u00e9faire des sanctions qui le visent se sont jusqu\u2019\u00e0 pr\u00e9sent av\u00e9r\u00e9s vains. Pour l\u2019aider dans ses d\u00e9marches, Nangaa s\u2019\u00e9tait notamment offert les services du cabinet d\u2019avocats d\u2019Erich Ferrari, sp\u00e9cialiste des sanctions&nbsp;du&nbsp;Tr\u00e9sor.<\/p>\n<div style=\"text-align:center\" class=\"wps-pgfw-pdf-generate-icon__wrapper-frontend\">\n\t\t<a href=\"https:\/\/congokin.blog?action=genpdf&amp;id=9588\" class=\"pgfw-single-pdf-download-button\" ><img src=\"https:\/\/congokin.blog\/wp-content\/plugins\/pdf-generator-for-wp\/admin\/src\/images\/PDF_Tray.svg\" title=\"G\u00e9n\u00e9rer un PDF\" style=\"width:auto; height:45px;\"><\/a>\n\t\t<\/div>","protected":false},"excerpt":{"rendered":"<p>RDC : comment Corneille Nangaa plaide sa cause aupr\u00e8s de Washington L\u2019ancien patron de la Ceni, qui se d\u00e9m\u00e8ne pour obtenir la lev\u00e9e des sanctions qui p\u00e8sent sur lui depuis 2019, tente de profiter de la visite d\u2019Antony Blinken pour d\u00e9fendre son cas. 8 ao\u00fbt 2022 \u00e0 16:21 Par&nbsp;Jeune Afrique Mis \u00e0 jour le 8 [&hellip;]<\/p>\n","protected":false},"author":9,"featured_media":0,"comment_status":"open","ping_status":"closed","sticky":false,"template":"","format":"standard","meta":{"footnotes":""},"categories":[6,7,8],"tags":[],"class_list":["post-9588","post","type-post","status-publish","format-standard","hentry","category-justice","category-politique","category-societe"],"_links":{"self":[{"href":"https:\/\/congokin.blog\/index.php?rest_route=\/wp\/v2\/posts\/9588","targetHints":{"allow":["GET"]}}],"collection":[{"href":"https:\/\/congokin.blog\/index.php?rest_route=\/wp\/v2\/posts"}],"about":[{"href":"https:\/\/congokin.blog\/index.php?rest_route=\/wp\/v2\/types\/post"}],"author":[{"embeddable":true,"href":"https:\/\/congokin.blog\/index.php?rest_route=\/wp\/v2\/users\/9"}],"replies":[{"embeddable":true,"href":"https:\/\/congokin.blog\/index.php?rest_route=%2Fwp%2Fv2%2Fcomments&post=9588"}],"version-history":[{"count":1,"href":"https:\/\/congokin.blog\/index.php?rest_route=\/wp\/v2\/posts\/9588\/revisions"}],"predecessor-version":[{"id":9589,"href":"https:\/\/congokin.blog\/index.php?rest_route=\/wp\/v2\/posts\/9588\/revisions\/9589"}],"wp:attachment":[{"href":"https:\/\/congokin.blog\/index.php?rest_route=%2Fwp%2Fv2%2Fmedia&parent=9588"}],"wp:term":[{"taxonomy":"category","embeddable":true,"href":"https:\/\/congokin.blog\/index.php?rest_route=%2Fwp%2Fv2%2Fcategories&post=9588"},{"taxonomy":"post_tag","embeddable":true,"href":"https:\/\/congokin.blog\/index.php?rest_route=%2Fwp%2Fv2%2Ftags&post=9588"}],"curies":[{"name":"wp","href":"https:\/\/api.w.org\/{rel}","templated":true}]}}