{"id":9590,"date":"2022-08-08T14:53:02","date_gmt":"2022-08-08T14:53:02","guid":{"rendered":"https:\/\/congokin.blog\/?p=9590"},"modified":"2022-08-08T14:53:02","modified_gmt":"2022-08-08T14:53:02","slug":"rdc-kabund-snobe-sa-creature-mboso-%ef%bf%bc","status":"publish","type":"post","link":"https:\/\/congokin.blog\/?p=9590","title":{"rendered":"RDC : Kabund snobe sa cr\u00e9ature Mboso\u00a0\ufffc"},"content":{"rendered":"\n<p><strong>RDC : Kabund snobe Mboso&nbsp;<\/strong><\/p>\n\n\n\n<p>Lundi 8 ao\u00fbt 2022 &#8211; 11:59<\/p>\n\n\n\n<p><a href=\"https:\/\/actualite.cd\/index.php\/category\/actualite\/politique\">Politique<\/a><\/p>\n\n\n\n<p><\/p>\n\n\n\n<figure class=\"wp-block-image\"><img decoding=\"async\" src=\"https:\/\/actualite.cd\/sites\/default\/files\/styles\/800_400\/public\/2022-07\/Kabund%20parquet.png?itok=WYuNufzn\" alt=\"Arriv\u00e9e de Jean Marc Kabund au parquet pr\u00e8s la Cour de cassation\"\/><\/figure>\n\n\n\n<p>Arriv\u00e9e de Jean Marc Kabund au parquet pr\u00e8s la Cour de cassation<\/p>\n\n\n\n<p>La saga Jean-Marc Kabund se poursuit. L\u2019ancien Premier vice-pr\u00e9sident de l\u2019Assembl\u00e9e nationale n\u2019a pas l\u2019air int\u00e9ress\u00e9 par l\u2019invitation lui adress\u00e9e par Christophe Mboso. Le pr\u00e9sident de la Chambre basse de l\u2019organe d\u00e9lib\u00e9rant l\u2019attendait ce lundi 8 ao\u00fbt, mais le pr\u00e9sident d&rsquo;Alliance pour le Changement, n\u2019a pas confiance&nbsp;<\/p>\n\n\n\n<p>Jean-Marc Kabund note que le Parquet G\u00e9n\u00e9ral pr\u00e8s la Cour de Cassation n\u2019a pas encore cl\u00f4tur\u00e9 l\u2019instruction judiciaire ouverte \u00e0 la suite de l\u2019autorisation d\u2019instruction contre lui accord\u00e9e par le bureau de l\u2019Assembl\u00e9e nationale. \u00ab Ceci veut dire que le Parquet G\u00e9n\u00e9ral Pr\u00e8s la Cour de Cassation n\u2019est pas encore suffisamment \u00e9clair\u00e9 sur les infractions qui ne sont pas cristallis\u00e9es.<\/p>\n\n\n\n<p>Il affirme \u00e9galement que Christophe Mboso avait refus\u00e9 de lui transmettre le r\u00e9quisitoire du procureur g\u00e9n\u00e9ral. Ce document, ajoute-t-il, lui aurait permis de mieux pr\u00e9parer sa d\u00e9fense devant le bureau de l\u2019Assembl\u00e9e nationale. Selon lui, ce refus est contraire \u00e0 la pratique parlementaire et viole le r\u00e8glement int\u00e9rieur de l\u2019organe d\u00e9lib\u00e9rant.<\/p>\n\n\n\n<p>Jean-Marc Kabund consid\u00e8re que le bureau de l\u2019Assembl\u00e9e nationale \u00ab ne devra pas statuer pr\u00e9cipitamment sur la demande d\u2019autorisation des poursuites et de la lev\u00e9e des immunit\u00e9s aussi longtemps que l\u2019instruction judiciaire est en cours \u00bb.<\/p>\n\n\n\n<blockquote class=\"wp-block-quote is-layout-flow wp-block-quote-is-layout-flow\"><p>\u00ab Il ne vous est donc pas demand\u00e9 d\u2019\u00eatre dans la peau du procureur g\u00e9n\u00e9ral mais de compte que l\u2019instruction judiciaire se poursuit et que c\u2019est \u00e0 tort d\u2019\u00e9voquer l\u2019article 151, alin\u00e9a 2 de la constitution \u00bb, a t-il dit dans une lettre adress\u00e9e \u00e0 Christophe Mboso.<\/p><\/blockquote>\n\n\n\n<p>Jean-Marc Kabund ajoute qu\u2019il ne pourra pas \u00ab accompagner le bureau de l\u2019assembl\u00e9e (\u2026) dans une forfaiture qui s\u2019apparente \u00e0 une messe noire d\u00e9j\u00e0 dite consistant \u00e0 le museler et \u00e0 violer de mani\u00e8re spectaculaire ses droits en tant qu\u2019\u00e9lu \u00bb.<\/p>\n\n\n\n<p>A ACTUALITE.CD, les sources proches de l\u2019ex-pr\u00e9sident de l\u2019UDPS rapporte que Kabund n&rsquo;ira pas \u00e0 l&rsquo;Office du pr\u00e9sident de l&rsquo;Assembl\u00e9e nationale, mais sera plut\u00f4t re\u00e7u ce lundi par l&rsquo;archev\u00eaque de Kinshasa, Fridolin Ambongo.<\/p>\n\n\n\n<p>Jean Marc Kabund s&rsquo;est d\u00e9j\u00e0 pr\u00e9sent\u00e9 \u00e0 deux reprises au parquet pr\u00e8s la Cour de cassation pour \u00eatre auditionn\u00e9. Le 28 juillet, il avait \u00e9t\u00e9 auditionn\u00e9, mais pas le 2 ao\u00fbt dernier suite \u00e0 l\u2019absence du procureur et l&rsquo;audition a \u00e9t\u00e9 renvoy\u00e9e au 9 Ao\u00fbt prochain. Il est poursuivi pour avoir tenu des propos qualifi\u00e9s d&rsquo;injurieux, de nature \u00e0 alarmer la population et \u00e0 porter atteinte \u00e0 l\u2019honneur d\u00fb aux institutions publiques et \u00e0 la dignit\u00e9 du Chef de l\u2019Etat. L&rsquo;ancien premier vice-pr\u00e9sident de l&rsquo;Assembl\u00e9e nationale risque des peines allant jusqu&rsquo;\u00e0 cinq ans de servitude p\u00e9nale, avec possibilit\u00e9 d&rsquo;un cumul.<\/p>\n\n\n\n<p><strong>Ivan Kasongo<\/strong><\/p>\n<div style=\"text-align:center\" class=\"wps-pgfw-pdf-generate-icon__wrapper-frontend\">\n\t\t<a href=\"https:\/\/congokin.blog?action=genpdf&amp;id=9590\" class=\"pgfw-single-pdf-download-button\" ><img src=\"https:\/\/congokin.blog\/wp-content\/plugins\/pdf-generator-for-wp\/admin\/src\/images\/PDF_Tray.svg\" title=\"G\u00e9n\u00e9rer un PDF\" style=\"width:auto; height:45px;\"><\/a>\n\t\t<\/div>","protected":false},"excerpt":{"rendered":"<p>RDC : Kabund snobe Mboso&nbsp; Lundi 8 ao\u00fbt 2022 &#8211; 11:59 Politique Arriv\u00e9e de Jean Marc Kabund au parquet pr\u00e8s la Cour de cassation La saga Jean-Marc Kabund se poursuit. L\u2019ancien Premier vice-pr\u00e9sident de l\u2019Assembl\u00e9e nationale n\u2019a pas l\u2019air int\u00e9ress\u00e9 par l\u2019invitation lui adress\u00e9e par Christophe Mboso. Le pr\u00e9sident de la Chambre basse de l\u2019organe [&hellip;]<\/p>\n","protected":false},"author":9,"featured_media":0,"comment_status":"open","ping_status":"closed","sticky":false,"template":"","format":"standard","meta":{"footnotes":""},"categories":[6,7,8],"tags":[],"class_list":["post-9590","post","type-post","status-publish","format-standard","hentry","category-justice","category-politique","category-societe"],"_links":{"self":[{"href":"https:\/\/congokin.blog\/index.php?rest_route=\/wp\/v2\/posts\/9590","targetHints":{"allow":["GET"]}}],"collection":[{"href":"https:\/\/congokin.blog\/index.php?rest_route=\/wp\/v2\/posts"}],"about":[{"href":"https:\/\/congokin.blog\/index.php?rest_route=\/wp\/v2\/types\/post"}],"author":[{"embeddable":true,"href":"https:\/\/congokin.blog\/index.php?rest_route=\/wp\/v2\/users\/9"}],"replies":[{"embeddable":true,"href":"https:\/\/congokin.blog\/index.php?rest_route=%2Fwp%2Fv2%2Fcomments&post=9590"}],"version-history":[{"count":1,"href":"https:\/\/congokin.blog\/index.php?rest_route=\/wp\/v2\/posts\/9590\/revisions"}],"predecessor-version":[{"id":9591,"href":"https:\/\/congokin.blog\/index.php?rest_route=\/wp\/v2\/posts\/9590\/revisions\/9591"}],"wp:attachment":[{"href":"https:\/\/congokin.blog\/index.php?rest_route=%2Fwp%2Fv2%2Fmedia&parent=9590"}],"wp:term":[{"taxonomy":"category","embeddable":true,"href":"https:\/\/congokin.blog\/index.php?rest_route=%2Fwp%2Fv2%2Fcategories&post=9590"},{"taxonomy":"post_tag","embeddable":true,"href":"https:\/\/congokin.blog\/index.php?rest_route=%2Fwp%2Fv2%2Ftags&post=9590"}],"curies":[{"name":"wp","href":"https:\/\/api.w.org\/{rel}","templated":true}]}}