{"id":9652,"date":"2022-08-12T18:32:46","date_gmt":"2022-08-12T18:32:46","guid":{"rendered":"https:\/\/congokin.blog\/?p=9652"},"modified":"2022-08-12T18:32:47","modified_gmt":"2022-08-12T18:32:47","slug":"kinshasa-la-jeunesse-banyamulenge-appelle-les-jeunes-a-travailler-dans-la-solidarite-pour-le-developpement-de-la-rdc%ef%bf%bc","status":"publish","type":"post","link":"https:\/\/congokin.blog\/?p=9652","title":{"rendered":"Kinshasa : \u00ab La jeunesse Banyamulenge \u00bb appelle les jeunes \u00e0 travailler dans la solidarit\u00e9 pour le d\u00e9veloppement de la RDC\ufffc"},"content":{"rendered":"\n<h1 class=\"wp-block-heading\"><br>Kinshasa : \u00ab La jeunesse Banyamulenge \u00bb appelle les jeunes \u00e0 travailler dans la solidarit\u00e9 pour le d\u00e9veloppement de la RDC<\/h1>\n\n\n\n<figure class=\"wp-block-image is-style-zoooom\"><img decoding=\"async\" src=\"https:\/\/7sur7.cd\/sites\/default\/files\/styles\/article_2022\/public\/2022-08\/F1BD026A-F673-4097-A6EC-7C784DC1F160.jpeg?itok=8m1Q2Jp6\" alt=\"Droits tiers\"\/><\/figure>\n\n\n\n<p><strong>Dans une d\u00e9claration faite ce vendredi 12 ao\u00fbt 2022 \u00e0 l&rsquo;occasion de la Journ\u00e9e internationale de la jeunesse, la jeunesse Banyamulenge de Kinshasa lance un appel \u00e0 l&rsquo;unit\u00e9 et la solidarit\u00e9 entre tous les jeunes congolais pour l&rsquo;essor de la R\u00e9publique d\u00e9mocratique du Congo.&nbsp;<\/strong><\/p>\n\n\n\n<p>La jeunesse Banyamulenge de Kinshasa pr\u00e9conise une prise de conscience collective afin de bannir tout discours de haine entre les diff\u00e9rentes communaut\u00e9s congolaises.&nbsp;<\/p>\n\n\n\n<blockquote class=\"wp-block-quote is-layout-flow wp-block-quote-is-layout-flow\"><p>\u00ab&nbsp;<em>\u00c0 l&rsquo;occasion de la Journ\u00e9e internationale de la jeunesse, la jeunesse Banyamulenge de Kinshasa appelle la jeunesse congolaise dans l&rsquo;ensemble \u00e0 une &nbsp;solidarit\u00e9 pour le d\u00e9veloppement de notre pays. Nous n&rsquo;aurons jamais la paix aussi longtemps que l&rsquo;ennemi nous divise par sa strat\u00e9gie de s\u00e9lection de faci\u00e8s en RDC<\/em>&nbsp;\u00bb, renseigne cette d\u00e9claration sign\u00e9e par le pr\u00e9sident de la jeunesse Banyamulenge de Kinshasa, Jean-Paul Ruberwa Gady.&nbsp;<\/p><\/blockquote>\n\n\n\n<p>Et de souligner : \u00ab&nbsp;<em>La paix pour tous est une priorit\u00e9 et un devoir de tout jeune citoyen congolais derri\u00e8re les institutions de notre pays<\/em>&nbsp;\u00bb.&nbsp;<\/p>\n\n\n\n<p>La jeunesse Banyamulenge de Kinshasa a saisi cette occasion pour rappeler \u00ab que dans les cachots de Kinshasa et partout ailleurs, il y a des jeunes gens arr\u00eat\u00e9s arbitrairement \u00e0 cause de ceux qu&rsquo;ils sont de nature \u00bb.&nbsp;<\/p>\n\n\n\n<p>La Journ\u00e9e internationale de la jeunesse,&nbsp;adopt\u00e9e&nbsp;par l&rsquo;Assembl\u00e9e g\u00e9n\u00e9rale des Nations Unies en 1999, est comm\u00e9mor\u00e9e chaque ann\u00e9e le 12 ao\u00fbt afin d&rsquo;attirer&nbsp;l&rsquo;attention de la communaut\u00e9 internationale sur les probl\u00e8mes de la jeunesse et c\u00e9l\u00e9brer le potentiel des jeunes en tant que partenaires dans la soci\u00e9t\u00e9.<\/p>\n\n\n\n<p>Le th\u00e8me retenu cette ann\u00e9e est : \u00ab Solidarit\u00e9 interg\u00e9n\u00e9rationnelle : cr\u00e9er un monde pour tous les \u00e2ges \u00bb.&nbsp;<\/p>\n\n\n\n<p><strong>Merveil Molo<\/strong><\/p>\n<div style=\"text-align:center\" class=\"wps-pgfw-pdf-generate-icon__wrapper-frontend\">\n\t\t<a href=\"https:\/\/congokin.blog?action=genpdf&amp;id=9652\" class=\"pgfw-single-pdf-download-button\" ><img src=\"https:\/\/congokin.blog\/wp-content\/plugins\/pdf-generator-for-wp\/admin\/src\/images\/PDF_Tray.svg\" title=\"G\u00e9n\u00e9rer un PDF\" style=\"width:auto; height:45px;\"><\/a>\n\t\t<\/div>","protected":false},"excerpt":{"rendered":"<p>Kinshasa : \u00ab La jeunesse Banyamulenge \u00bb appelle les jeunes \u00e0 travailler dans la solidarit\u00e9 pour le d\u00e9veloppement de la RDC Dans une d\u00e9claration faite ce vendredi 12 ao\u00fbt 2022 \u00e0 l&rsquo;occasion de la Journ\u00e9e internationale de la jeunesse, la jeunesse Banyamulenge de Kinshasa lance un appel \u00e0 l&rsquo;unit\u00e9 et la solidarit\u00e9 entre tous les [&hellip;]<\/p>\n","protected":false},"author":8,"featured_media":0,"comment_status":"open","ping_status":"closed","sticky":false,"template":"","format":"standard","meta":{"footnotes":""},"categories":[6,7,8],"tags":[],"class_list":["post-9652","post","type-post","status-publish","format-standard","hentry","category-justice","category-politique","category-societe"],"_links":{"self":[{"href":"https:\/\/congokin.blog\/index.php?rest_route=\/wp\/v2\/posts\/9652","targetHints":{"allow":["GET"]}}],"collection":[{"href":"https:\/\/congokin.blog\/index.php?rest_route=\/wp\/v2\/posts"}],"about":[{"href":"https:\/\/congokin.blog\/index.php?rest_route=\/wp\/v2\/types\/post"}],"author":[{"embeddable":true,"href":"https:\/\/congokin.blog\/index.php?rest_route=\/wp\/v2\/users\/8"}],"replies":[{"embeddable":true,"href":"https:\/\/congokin.blog\/index.php?rest_route=%2Fwp%2Fv2%2Fcomments&post=9652"}],"version-history":[{"count":1,"href":"https:\/\/congokin.blog\/index.php?rest_route=\/wp\/v2\/posts\/9652\/revisions"}],"predecessor-version":[{"id":9653,"href":"https:\/\/congokin.blog\/index.php?rest_route=\/wp\/v2\/posts\/9652\/revisions\/9653"}],"wp:attachment":[{"href":"https:\/\/congokin.blog\/index.php?rest_route=%2Fwp%2Fv2%2Fmedia&parent=9652"}],"wp:term":[{"taxonomy":"category","embeddable":true,"href":"https:\/\/congokin.blog\/index.php?rest_route=%2Fwp%2Fv2%2Fcategories&post=9652"},{"taxonomy":"post_tag","embeddable":true,"href":"https:\/\/congokin.blog\/index.php?rest_route=%2Fwp%2Fv2%2Ftags&post=9652"}],"curies":[{"name":"wp","href":"https:\/\/api.w.org\/{rel}","templated":true}]}}