{"id":9654,"date":"2022-08-12T18:45:07","date_gmt":"2022-08-12T18:45:07","guid":{"rendered":"https:\/\/congokin.blog\/?p=9654"},"modified":"2022-08-12T18:45:09","modified_gmt":"2022-08-12T18:45:09","slug":"allemagne-sanctionne-pour-ses-liens-avec-la-russie-lancien-chancelier-gerhard-schroder-attaque-le-bundestag-en-justice","status":"publish","type":"post","link":"https:\/\/congokin.blog\/?p=9654","title":{"rendered":"Allemagne: sanctionn\u00e9 pour ses liens avec la Russie, l\u2019ancien chancelier Gerhard Schr\u00f6der attaque le Bundestag en justice"},"content":{"rendered":"\n<h1 class=\"wp-block-heading\">Allemagne: sanctionn\u00e9 pour ses liens avec la Russie, l\u2019ancien chancelier Gerhard Schr\u00f6der attaque le Bundestag en justice<\/h1>\n\n\n\n<p>En raison de ses positions favorables \u00e0 la Russie, l\u2019ancien chancelier allemand a \u00e9t\u00e9 priv\u00e9 des avantages propres \u00e0 son statut. Il attaque le Parlement allemand en justice.<\/p>\n\n\n\n<figure class=\"wp-block-image is-style-zoooom\"><img decoding=\"async\" src=\"https:\/\/www.lesoir.be\/sites\/default\/files\/dpistyles_v2\/ls_16_9_864w\/2022\/08\/12\/node_459291\/29349672\/public\/2022\/08\/12\/B9731774366Z.1_20220812090603_000+GIBL269PN.1-0.jpg?itok=dQEL8Fic1660296144\" alt=\"L\u2019ancien chancelier allemand Gerhard Schr\u00f6der le 8 d\u00e9cembre 2021.\"\/><figcaption>L\u2019ancien chancelier allemand Gerhard Schr\u00f6der le 8 d\u00e9cembre 2021. &#8211; IMAGO<\/figcaption><\/figure>\n\n\n\n<figure class=\"wp-block-image is-style-zoooom\"><img decoding=\"async\" src=\"https:\/\/www.lesoir.be\/sites\/all\/themes\/enacarbon_lesoir\/images\/s-lesoir.svg\" alt=\"Image auteur par d\u00e9faut\"\/><\/figure>\n\n\n\n<p>Par la r\u00e9dactionPubli\u00e9 le 12\/08\/2022 \u00e0 09:06&nbsp;Temps de lecture: 2 min<\/p>\n\n\n\n<p>Gerhard Schr\u00f6der attaque le Parlement allemand en justice pour s\u2019opposer aux sanctions qui lui ont \u00e9t\u00e9 inflig\u00e9es en raison de ses liens avec la Russie et Vladimir poutine. L\u2019ancien chancelier allemand veut r\u00e9cup\u00e9rer ses privil\u00e8ges, a indiqu\u00e9 son avocat.<\/p>\n\n\n\n<p>L\u2019ancien homme politique \u00e2g\u00e9 de 78 ans a d\u00fb renoncer \u00e0 son cabinet et son personnel, mais a conserv\u00e9 sa pension et une \u00e9quipe de protection. Selon l\u2019avocat de M. Schr\u00f6der, la d\u00e9marche du Bundestag est ill\u00e9gale.<\/p>\n\n\n\n<p>Le parti social-d\u00e9mocrate allemand (SPD) a d\u00e9cid\u00e9 au d\u00e9but du mois de ne pas exclure de ses rangs l\u2019ex-chancelier Gerhard Schr\u00f6der.<\/p>\n\n\n\n<p>L\u2019homme est sous le feu des critiques depuis le d\u00e9but de l\u2019invasion russe en Ukraine, en raison de son refus de condamner l\u2019attitude russe, ce qui nuit \u00e0 la r\u00e9putation de l\u2019Allemagne, selon le Bundestag. L\u2019ex-dirigeant, mentor de l\u2019actuel chancelier Olaf Scholz, s\u2019est r\u00e9solu en mai \u00e0 quitter le conseil d\u2019administration de la compagnie p\u00e9troli\u00e8re Rosneft et dit avoir renonc\u00e9 \u00e0 entrer dans celui du g\u00e9ant gazier Gazprom.<\/p>\n\n\n\n<p>Contrairement \u00e0 la plupart des anciens dirigeants europ\u00e9ens pr\u00e9sents avant la guerre dans les instances dirigeantes des entreprises russes, M. Schr\u00f6der, \u00e9galement tr\u00e8s impliqu\u00e9 au sein de Nord Stream AG, les gazoducs controvers\u00e9s entre la Russie et l\u2019Allemagne, a tard\u00e9 \u00e0 d\u00e9missionner de ses diff\u00e9rentes fonctions.<\/p>\n<div style=\"text-align:center\" class=\"wps-pgfw-pdf-generate-icon__wrapper-frontend\">\n\t\t<a href=\"https:\/\/congokin.blog?action=genpdf&amp;id=9654\" class=\"pgfw-single-pdf-download-button\" ><img src=\"https:\/\/congokin.blog\/wp-content\/plugins\/pdf-generator-for-wp\/admin\/src\/images\/PDF_Tray.svg\" title=\"G\u00e9n\u00e9rer un PDF\" style=\"width:auto; height:45px;\"><\/a>\n\t\t<\/div>","protected":false},"excerpt":{"rendered":"<p>Allemagne: sanctionn\u00e9 pour ses liens avec la Russie, l\u2019ancien chancelier Gerhard Schr\u00f6der attaque le Bundestag en justice En raison de ses positions favorables \u00e0 la Russie, l\u2019ancien chancelier allemand a \u00e9t\u00e9 priv\u00e9 des avantages propres \u00e0 son statut. Il attaque le Parlement allemand en justice. Par la r\u00e9dactionPubli\u00e9 le 12\/08\/2022 \u00e0 09:06&nbsp;Temps de lecture: 2 [&hellip;]<\/p>\n","protected":false},"author":8,"featured_media":0,"comment_status":"open","ping_status":"closed","sticky":false,"template":"","format":"standard","meta":{"footnotes":""},"categories":[3,7],"tags":[],"class_list":["post-9654","post","type-post","status-publish","format-standard","hentry","category-diplomatie","category-politique"],"_links":{"self":[{"href":"https:\/\/congokin.blog\/index.php?rest_route=\/wp\/v2\/posts\/9654","targetHints":{"allow":["GET"]}}],"collection":[{"href":"https:\/\/congokin.blog\/index.php?rest_route=\/wp\/v2\/posts"}],"about":[{"href":"https:\/\/congokin.blog\/index.php?rest_route=\/wp\/v2\/types\/post"}],"author":[{"embeddable":true,"href":"https:\/\/congokin.blog\/index.php?rest_route=\/wp\/v2\/users\/8"}],"replies":[{"embeddable":true,"href":"https:\/\/congokin.blog\/index.php?rest_route=%2Fwp%2Fv2%2Fcomments&post=9654"}],"version-history":[{"count":1,"href":"https:\/\/congokin.blog\/index.php?rest_route=\/wp\/v2\/posts\/9654\/revisions"}],"predecessor-version":[{"id":9655,"href":"https:\/\/congokin.blog\/index.php?rest_route=\/wp\/v2\/posts\/9654\/revisions\/9655"}],"wp:attachment":[{"href":"https:\/\/congokin.blog\/index.php?rest_route=%2Fwp%2Fv2%2Fmedia&parent=9654"}],"wp:term":[{"taxonomy":"category","embeddable":true,"href":"https:\/\/congokin.blog\/index.php?rest_route=%2Fwp%2Fv2%2Fcategories&post=9654"},{"taxonomy":"post_tag","embeddable":true,"href":"https:\/\/congokin.blog\/index.php?rest_route=%2Fwp%2Fv2%2Ftags&post=9654"}],"curies":[{"name":"wp","href":"https:\/\/api.w.org\/{rel}","templated":true}]}}