{"id":9658,"date":"2022-08-13T15:59:03","date_gmt":"2022-08-13T15:59:03","guid":{"rendered":"https:\/\/congokin.blog\/?p=9658"},"modified":"2022-08-13T16:00:13","modified_gmt":"2022-08-13T16:00:13","slug":"rdc-les-promesses-economiques-dantony-blinken","status":"publish","type":"post","link":"https:\/\/congokin.blog\/?p=9658","title":{"rendered":"RDC : les promesses \u00e9conomiques d\u2019Antony Blinken"},"content":{"rendered":"\n<p>\u00c9CONOMIE<\/p>\n\n\n\n<h1 class=\"wp-block-heading\">RDC : les promesses \u00e9conomiques d\u2019Antony Blinken<\/h1>\n\n\n\n<h2 class=\"wp-block-heading\">Outre les tensions avec Kigali et la pr\u00e9sidentielle de 2023, le secr\u00e9taire d\u2019\u00c9tat am\u00e9ricain a discut\u00e9 partenariats \u00e9conomiques strat\u00e9giques, appui au commerce et investissements avec les autorit\u00e9s congolaises.<\/h2>\n\n\n\n<p>11 ao\u00fbt 2022 \u00e0 15:14<\/p>\n\n\n\n<p>Par&nbsp;<a href=\"https:\/\/www.jeuneafrique.com\/auteurs\/y.rizk\/\">Yara Rizk<\/a><\/p>\n\n\n\n<p>Mis \u00e0 jour le 11 ao\u00fbt 2022 \u00e0 15:26<\/p>\n\n\n\n<figure class=\"wp-block-image is-style-zoooom\"><img decoding=\"async\" src=\"https:\/\/www.jeuneafrique.com\/cdn-cgi\/image\/q=80,f=auto,metadata=none,width=1256,height=628\/https:\/\/www.jeuneafrique.com\/medias\/2022\/08\/11\/jad20220810-eco-tshisekedi_blinken-1256x628-1660221711.jpg\" alt=\"\"\/><figcaption>Le Secr\u00e9taire d\u2019\u00c9tat am\u00e9ricain Antony Blinken avec le pr\u00e9sident de la RDC Felix Tshisekedi \u00e0 Kinshasa, le 9 ao\u00fbt 2022. \u00a9 Andrew Harnik \/ POOL \/ AFP<\/figcaption><\/figure>\n\n\n\n<p>Apr\u00e8s l\u2019Afrique du Sud, Antony Blinken \u00e9tait \u00e0 Kinshasa ces 9 et 10 ao\u00fbt pour la deuxi\u00e8me \u00e9tape de sa tourn\u00e9e africaine qui l\u2019a ensuite conduit au Rwanda. Principal objectif de son escale congolaise ? Consolider les liens \u00e9tablis avec ce pays depuis les ann\u00e9es 1960, alors que le rival chinois y est bien implant\u00e9 et que l\u2019influence russe se renforce un peu partout sur le continent.\u00c0 LIRE<a href=\"https:\/\/www.jeuneafrique.com\/1340889\/politique\/rdc-etats-unis-linfluent-ambassadeur-mike-hammer-sur-le-depart\/\">RDC \u2013 \u00c9tats-Unis : l\u2019influent ambassadeur Mike Hammer sur le d\u00e9part<\/a><\/p>\n\n\n\n<p>Il faut dire que les int\u00e9r\u00eats \u00e9conomiques y sont nombreux, notamment \u00e0 cause des mines de&nbsp;<a href=\"https:\/\/www.jeuneafrique.com\/1169697\/economie\/cobalt-la-rdc-cherche-la-recette-gagnante\/\">cobalt<\/a>, de coltan ou de cuivre, qui demandent des investissements et un appui commercial strat\u00e9gique. En un peu moins de 48 heures, Antony Blinken a eu l\u2019occasion de rencontrer le pr\u00e9sident&nbsp;<a href=\"https:\/\/www.jeuneafrique.com\/1347001\/politique\/rdc-chez-les-tshisekedi-la-politique-en-famille\/\">F\u00e9lix Tshisekedi<\/a>, mais aussi plusieurs responsables du gouvernement et des membres de la soci\u00e9t\u00e9 civile. M\u00eame si les discussions ont notamment port\u00e9 sur le conflit opposant&nbsp;<a href=\"https:\/\/www.jeuneafrique.com\/1350793\/politique\/m23-en-rdc-ce-que-contient-la-lettre-de-protestation-de-kinshasa-a-kigali\/\">Kinshasa \u00e0 Kigali<\/a>&nbsp;autour de la question des M23, plusieurs sujets \u00e9conomiques ont \u00e9t\u00e9 abord\u00e9s.\u00c0 LIRE<a href=\"https:\/\/www.jeuneafrique.com\/1356249\/economie\/crise-rdc-rwanda-quelles-consequences-economiques-lanalyse-de-fitch\/\">Crise RDC-Rwanda&nbsp;: quelles cons\u00e9quences \u00e9conomiques&nbsp;? L\u2019analyse de Fitch<\/a><\/p>\n\n\n\n<p>D\u2019apr\u00e8s la d\u00e9claration officielle du chef de la diplomatie congolaise&nbsp;<a href=\"https:\/\/www.jeuneafrique.com\/1355947\/politique\/le-rwanda-veut-une-rdc-faible-et-corveable-a-merci\/\">Christophe Lutundula<\/a>, les finances et l\u2019\u00e9conomie, et plus pr\u00e9cis\u00e9ment le programme d\u2019investissements \u00e9trangers, l\u2019exploitation des ressources naturelles et le d\u00e9veloppement des industries, ont \u00e9t\u00e9 longuement abord\u00e9s.<\/p>\n\n\n\n<h2 class=\"wp-block-heading\">Pr\u00e9servation des \u00e9cosyst\u00e8mes<\/h2>\n\n\n\n<p>De son c\u00f4t\u00e9,&nbsp;Antony&nbsp;Blinken a pr\u00e9cis\u00e9 que les \u00c9tats-Unis sont \u00ab&nbsp;conscients des d\u00e9fis \u00e9conomiques \u00e0 court terme auxquels le Congo est confront\u00e9&nbsp;\u00bb, et que les deux pays ont \u00ab&nbsp;convenu de collaborer \u00e0 la mise en place d\u2019un groupe de travail officiel pour aider les Congolais \u00e0 adopter une approche \u00e9quilibr\u00e9e de l\u2019exploitation responsable des ressources du pays, ce qui contribuera \u00e0 la croissance \u00e9conomique de la RDC et \u00e0 la cr\u00e9ation d\u2019emplois&nbsp;\u00bb.\u00c0 LIRE<a href=\"https:\/\/www.jeuneafrique.com\/1259101\/economie\/apres-les-mines-la-rdc-veut-faire-le-menage-dans-ses-forets\/\">Apr\u00e8s les mines, la RDC veut faire le m\u00e9nage dans ses for\u00eats<\/a><\/p>\n\n\n\n<p>L\u2019accent a \u00e9t\u00e9 sp\u00e9cialement mis sur la pr\u00e9servation des \u00e9cosyst\u00e8mes : le secr\u00e9taire d\u2019\u00c9tat a rappel\u00e9 que lors de la COP26, plusieurs pays ont annonc\u00e9 la mise \u00e0 disposition de 1,5 milliard de dollars pour soutenir la for\u00eat du bassin du Congo. Il a redit l\u2019inqui\u00e9tude des \u00c9tats-Unis sur la mise aux ench\u00e8res de lots d\u2019exploration p\u00e9troli\u00e8re et gazi\u00e8re : \u00ab&nbsp;Certains de ces blocs empi\u00e8tent sur des zones sensibles de for\u00eats tropicales et de tourbi\u00e8res, notamment dans le parc national des Virunga et le parc national de la Salonga&nbsp;\u00bb, a-t-il indiqu\u00e9, tout en admettant le manque de moyens au sein du pays : \u00ab&nbsp;La RDC a besoin de ressources, d\u2019un soutien et d\u2019un financement suppl\u00e9mentaires afin de faire ce qui est n\u00e9cessaire pour prot\u00e9ger pleinement la for\u00eat tropicale et les tourbi\u00e8res d\u00e9j\u00e0 soumises \u00e0 un d\u00e9fi \u00e9norme, ind\u00e9pendamment de toute exploration ou exploitation \u00e9nerg\u00e9tique.&nbsp;\u00bb<\/p>\n\n\n\n<p>economiques-dantony-blinken%2F&amp;sessionId=5224f156421d8df143e73db348633520b00fda92&amp;siteScreenName=jeune_afrique&amp;theme=light&amp;widgetsVersion=2d66c323e5620%3A1660322279126&amp;width=500px<\/p>\n\n\n\n<p>Antony Blinken a soulign\u00e9 l\u2019importance d\u2019une&nbsp;<a href=\"https:\/\/www.jeuneafrique.com\/1322716\/economie\/rdc-mines-une-relance-de-la-sokimo-est-elle-possible\/\">meilleure gestion des projets miniers&nbsp;<\/a>: \u00ab&nbsp;Nous continuerons \u00e0 travailler ensemble pour garantir que les investissements en RDC soutiennent les meilleures pratiques, que les entreprises s\u2019engagent dans la protection de l\u2019environnement, de droits du travail, de bonne gouvernance et de transparence, et non dans une course qui finira par nuire aux travailleurs et \u00e0 l\u2019environnement, tout en engendrant des conflits arm\u00e9s&nbsp;\u00bb.\u00c0 LIRE<a href=\"https:\/\/www.jeuneafrique.com\/1358964\/economie\/rdc-ou-le-projet-minier-de-kamoa-kakula-trouve-t-il-son-energie\/\">RDC : o\u00f9 le projet minier de Kamoa-Kakula trouve-t-il son \u00e9nergie&nbsp;?<\/a><\/p>\n\n\n\n<h2 class=\"wp-block-heading\">Contribution financi\u00e8re<\/h2>\n\n\n\n<p>Au cours des 20 derni\u00e8res ann\u00e9es, les \u00c9tats-Unis ont allou\u00e9 1,7 milliard de dollars d\u2019aides \u00e0 la RDC pour contribuer au d\u00e9veloppement de son syst\u00e8me sanitaire. En ce qui concerne les domaines de la transparence lors des scrutins \u00e9lectoraux, de l\u2019\u00e9ducation civique et citoyenne, les \u00c9tats-Unis ont engag\u00e9 plus de 23,75 millions de dollars. En juillet dernier, l<a href=\"https:\/\/www.jeuneafrique.com\/364096\/economie\/lusaid-accelere-cadence-sahel\/\">\u2018Agence des&nbsp;\u00c9tats-Unis&nbsp;pour le d\u00e9veloppement international (USAID)<\/a>&nbsp;a annonc\u00e9 qu\u2019elle financera l\u2019observation des prochaines \u00e9lections \u00e0 hauteur de 2 millions de dollars, puis en ao\u00fbt, cette m\u00eame agence a fourni 10 millions de dollars suppl\u00e9mentaires pour contribuer \u00e0 l\u2019organisation d\u2019\u00e9lections pacifiques et transparentes en 2023.\u00c0 LIRE<a href=\"https:\/\/www.jeuneafrique.com\/1363846\/politique\/elections-en-rdc-denis-kadima-pourra-t-il-remplir-sa-mission\/\">\u00c9lections en RDC : Denis Kadima pourra-t-il remplir sa mission ?<\/a><\/p>\n\n\n\n<p>En collaboration avec le&nbsp;Congr\u00e8s,&nbsp;l\u2019administration Biden pr\u00e9voit \u00e9galement d\u2019investir 37 millions de dollars dans l\u2019acc\u00e8s aux engrais, \u00e0 la s\u00e9curit\u00e9 sociale et aux programmes de nutrition, notamment pour les enfants de moins de cinq ans. En parall\u00e8le, le d\u00e9partement d\u2019\u00c9tat a engag\u00e9 6 millions de dollars suppl\u00e9mentaires pour aider la RDC \u00e0 am\u00e9liorer son syst\u00e8me de justice p\u00e9nale pour lutter contre la corruption et le trafic de ressources min\u00e9rales et d\u2019esp\u00e8ces sauvages.<\/p>\n\n\n\n<h2 class=\"wp-block-heading\">Coop\u00e9ration \u00e9conomique timide<\/h2>\n\n\n\n<p>En Afrique, la comp\u00e9tition \u00e9conomique entre les puissances \u00e9trang\u00e8res fait rage et l<a href=\"https:\/\/www.jeuneafrique.com\/1364647\/politique\/etats-unis-afrique-washington-doit-sengager-bien-davantage-sur-le-continent\/\">\u2018engagement des \u00c9tats-Unis est encore timide sur le continent<\/a>, notamment en RDC. D\u2019apr\u00e8s les derni\u00e8res donn\u00e9s de la Maison Blanche,&nbsp;<a href=\"https:\/\/www.jeuneafrique.com\/mag\/799586\/economie\/tribune-la-progression-des-ide-ne-suffit-pas-a-reduire-la-pauvrete\/\">les investissements directs \u00e9trangers<\/a>&nbsp;(IDE) des \u00c9tats-Unis vers Kinshasa s\u2019\u00e9levaient \u00e0 86 millions de dollars en 2019, en augmentation de 7,5 % par rapport \u00e0 2018.\u00c0 LIRE<a href=\"https:\/\/www.jeuneafrique.com\/1263529\/economie\/rdc-chine-apres-le-volet-minier-la-partie-infrastructures-du-contrat-du-siecle-epinglee\/\">RDC-Chine : apr\u00e8s le volet minier, la partie infrastructures du \u00ab contrat du si\u00e8cle&nbsp;\u00bb \u00e9pingl\u00e9e<\/a><\/p>\n\n\n\n<p>En 2019, les exportations de biens am\u00e9ricains vers la RDC se sont \u00e9lev\u00e9es \u00e0 1,37 milliards de dollars. En comparaison, les exportations chinoises vers la RDC \u00e9taient de 2,13 milliards, et de 143 millions de dollars pour la Russie. Les importations am\u00e9ricaines totales de produits agricoles en provenance du Congo-Kinshasa ont atteint 30 millions de dollars en 2020. Il s\u2019agissait principalement de f\u00e8ves de cacao, de caf\u00e9 non torr\u00e9fi\u00e9, d\u2019huiles essentielles et d\u2019\u00e9pices. D\u2019apr\u00e8s les discours des repr\u00e9sentants congolais et am\u00e9ricains, les opportunit\u00e9s d\u2019\u00e9change \u00e9conomiques demeurent nombreuses.<\/p>\n\n\n\n<h2 class=\"wp-block-heading\">Climat des affaires<\/h2>\n\n\n\n<p>Selon l\u2019agence de notation financi\u00e8re Bloomfield, la RDC fait partie des pays o\u00f9 l\u2019investissement pr\u00e9sente des \u00ab&nbsp;risques mod\u00e9r\u00e9s&nbsp;\u00bb (BBB). Mais les agences de notation internationales, comme Standard and Poor\u2019s, ont choisi la note CCC \u00e0 cause d\u2019une dette publique \u00e9lev\u00e9e, d\u2019indicateurs de gouvernance faibles, d\u2019une forte d\u00e9pendance au p\u00e9trole et d\u2019une gestion insatisfaisante des finances publiques avec un historique r\u00e9cent de d\u00e9fauts de paiement.\u00c0 LIRE<a href=\"https:\/\/www.jeuneafrique.com\/1277199\/economie\/rdc-economie-le-retour-en-grace-de-kinshasa\/\">RDC \u2013 \u00c9conomie : le retour en gr\u00e2ce de Kinshasa ?<\/a><\/p>\n\n\n\n<p>Pourtant, d\u2019apr\u00e8s la&nbsp;<a href=\"https:\/\/www.state.gov\/reports\/2021-investment-climate-statements\/democratic-republic-of-the-congo\/\">fiche pays de la RDC<\/a>&nbsp;r\u00e9dig\u00e9e par l\u2019ex\u00e9cutif am\u00e9ricain, \u00ab&nbsp;le secteur de l\u2019\u00e9nergie pr\u00e9sente un grand potentiel, notamment dans les sources renouvelables telles que l\u2019hydro\u00e9lectricit\u00e9 et le solaire. [\u2026] Compte tenu de l\u2019ampleur des besoins, il existe d\u2019importantes opportunit\u00e9s commerciales dans les secteurs de l\u2019aviation, de la route, du rail, du transport maritime et des ports&nbsp;\u00bb.<\/p>\n\n\n\n<p>Des propos toutefois nuanc\u00e9s par les nombreux d\u00e9fis auxquels le pays doit faire face, \u00ab&nbsp;des infrastructures m\u00e9diocres, un syst\u00e8me fiscal arbitraire et une bureaucratie faible et corrompue. La pand\u00e9mie de Covid-19 a entrav\u00e9 la croissance et a aggrav\u00e9 la s\u00e9curit\u00e9 alimentaire du pays. Les groupes arm\u00e9s restent actifs dans le Nord et Sud-Kivu&nbsp;\u00bb, peut-on lire, aussi, dans&nbsp;ce&nbsp;rapport.<\/p>\n<div style=\"text-align:center\" class=\"wps-pgfw-pdf-generate-icon__wrapper-frontend\">\n\t\t<a href=\"https:\/\/congokin.blog?action=genpdf&amp;id=9658\" class=\"pgfw-single-pdf-download-button\" ><img src=\"https:\/\/congokin.blog\/wp-content\/plugins\/pdf-generator-for-wp\/admin\/src\/images\/PDF_Tray.svg\" title=\"G\u00e9n\u00e9rer un PDF\" style=\"width:auto; height:45px;\"><\/a>\n\t\t<\/div>","protected":false},"excerpt":{"rendered":"<p>\u00c9CONOMIE RDC : les promesses \u00e9conomiques d\u2019Antony Blinken Outre les tensions avec Kigali et la pr\u00e9sidentielle de 2023, le secr\u00e9taire d\u2019\u00c9tat am\u00e9ricain a discut\u00e9 partenariats \u00e9conomiques strat\u00e9giques, appui au commerce et investissements avec les autorit\u00e9s congolaises. 11 ao\u00fbt 2022 \u00e0 15:14 Par&nbsp;Yara Rizk Mis \u00e0 jour le 11 ao\u00fbt 2022 \u00e0 15:26 Apr\u00e8s l\u2019Afrique du [&hellip;]<\/p>\n","protected":false},"author":8,"featured_media":0,"comment_status":"open","ping_status":"closed","sticky":false,"template":"","format":"standard","meta":{"footnotes":""},"categories":[7,8],"tags":[],"class_list":["post-9658","post","type-post","status-publish","format-standard","hentry","category-politique","category-societe"],"_links":{"self":[{"href":"https:\/\/congokin.blog\/index.php?rest_route=\/wp\/v2\/posts\/9658","targetHints":{"allow":["GET"]}}],"collection":[{"href":"https:\/\/congokin.blog\/index.php?rest_route=\/wp\/v2\/posts"}],"about":[{"href":"https:\/\/congokin.blog\/index.php?rest_route=\/wp\/v2\/types\/post"}],"author":[{"embeddable":true,"href":"https:\/\/congokin.blog\/index.php?rest_route=\/wp\/v2\/users\/8"}],"replies":[{"embeddable":true,"href":"https:\/\/congokin.blog\/index.php?rest_route=%2Fwp%2Fv2%2Fcomments&post=9658"}],"version-history":[{"count":2,"href":"https:\/\/congokin.blog\/index.php?rest_route=\/wp\/v2\/posts\/9658\/revisions"}],"predecessor-version":[{"id":9660,"href":"https:\/\/congokin.blog\/index.php?rest_route=\/wp\/v2\/posts\/9658\/revisions\/9660"}],"wp:attachment":[{"href":"https:\/\/congokin.blog\/index.php?rest_route=%2Fwp%2Fv2%2Fmedia&parent=9658"}],"wp:term":[{"taxonomy":"category","embeddable":true,"href":"https:\/\/congokin.blog\/index.php?rest_route=%2Fwp%2Fv2%2Fcategories&post=9658"},{"taxonomy":"post_tag","embeddable":true,"href":"https:\/\/congokin.blog\/index.php?rest_route=%2Fwp%2Fv2%2Ftags&post=9658"}],"curies":[{"name":"wp","href":"https:\/\/api.w.org\/{rel}","templated":true}]}}