{"id":9661,"date":"2022-08-13T16:09:29","date_gmt":"2022-08-13T16:09:29","guid":{"rendered":"https:\/\/congokin.blog\/?p=9661"},"modified":"2022-08-13T16:18:26","modified_gmt":"2022-08-13T16:18:26","slug":"museveni-commande-loperation-conjointe-fardc-updf","status":"publish","type":"post","link":"https:\/\/congokin.blog\/?p=9661","title":{"rendered":"Museveni, le commandant supr\u00eame de l&rsquo;op\u00e9ration conjointe Fardc-Updf!"},"content":{"rendered":"\n<p><\/p>\n\n\n\n<p class=\"has-vivid-red-color has-luminous-vivid-amber-background-color has-text-color has-background\"><strong><em>Si l&rsquo;UPDF n&rsquo;\u00e9tait qu&rsquo;une force de soutien, c&rsquo;est le Pr\u00e9sident Congolais qui recevrait les g\u00e9n\u00e9raux ougandais. C&rsquo;est l&rsquo;inverse  dans ce cas.<\/em><\/strong><\/p>\n\n\n\n<h1 class=\"wp-block-heading\">Op\u00e9rations conjointes Fardc-Updf : le pr\u00e9sident ougandais r\u00e9unit les g\u00e9n\u00e9raux \u00e0 Kampala<\/h1>\n\n\n\n<p>13.08.2022,<\/p>\n\n\n\n<p><a href=\"https:\/\/www.mediacongo.net\/articles-actualite-2_provinces.html\">PROVINCES<\/a><\/p>\n\n\n\n<figure class=\"wp-block-image is-style-zoooom\"><img decoding=\"async\" src=\"https:\/\/www.mediacongo.net\/cache\/yoweri_museveni_recoit_les_generaux_fardc_updf_22_jpeg_640_350_1.jpeg\" alt=\"-\"\/><\/figure>\n\n\n\n<p>Le pr\u00e9sident Yoweri Kaguta Museveni a r\u00e9uni, samedi 13 ao\u00fbt en Ouganda, des officiers militaires Congolais et ceux de son pays dans le cadre des op\u00e9rations que m\u00e8nent conjointement les Forces arm\u00e9es de la RDC (FARDC) et les Forces de d\u00e9fense du peuple Ougandais (UPDF) contre les rebelles des Forces d\u00e9mocratiques alli\u00e9es (ADF) depuis un bout de temps.<\/p>\n\n\n\n<p>La d\u00e9l\u00e9gation congolaise, conduite par le g\u00e9n\u00e9ral d&rsquo;arm\u00e9e, Mbala Munsense C\u00e9lestin, du coordonnateur des op\u00e9rations conjointes, le g\u00e9n\u00e9ral Camille Bombele, s\u00e9journe \u00e0 Kampala depuis le d\u00e9but de la semaine qui s&rsquo;ach\u00e8ve.<\/p>\n\n\n\n<p>Rien n\u2019a encore filtr\u00e9 sur ces \u00e9changes, mais les officiels sont arriv\u00e9s \u00e0 environ une semaine de l&rsquo;expiration du d\u00e9lai de la 3\u00e8me phase de ces op\u00e9rations qui visent la traque des ADF, accus\u00e9es d&rsquo;\u00eatre responsables des massacres des civils, pillages et incendies de leurs villages.<\/p>\n\n\n\n<p><strong>Delphin Mupanda (Correspondant au Nord-Kivu)<br>congo-press.com (MCP) \/ mediacongo.net<\/strong><\/p>\n<div style=\"text-align:center\" class=\"wps-pgfw-pdf-generate-icon__wrapper-frontend\">\n\t\t<a href=\"https:\/\/congokin.blog?action=genpdf&amp;id=9661\" class=\"pgfw-single-pdf-download-button\" ><img src=\"https:\/\/congokin.blog\/wp-content\/plugins\/pdf-generator-for-wp\/admin\/src\/images\/PDF_Tray.svg\" title=\"G\u00e9n\u00e9rer un PDF\" style=\"width:auto; height:45px;\"><\/a>\n\t\t<\/div>","protected":false},"excerpt":{"rendered":"<p>Si l&rsquo;UPDF n&rsquo;\u00e9tait qu&rsquo;une force de soutien, c&rsquo;est le Pr\u00e9sident Congolais qui recevrait les g\u00e9n\u00e9raux ougandais. C&rsquo;est l&rsquo;inverse dans ce cas. Op\u00e9rations conjointes Fardc-Updf : le pr\u00e9sident ougandais r\u00e9unit les g\u00e9n\u00e9raux \u00e0 Kampala 13.08.2022, PROVINCES Le pr\u00e9sident Yoweri Kaguta Museveni a r\u00e9uni, samedi 13 ao\u00fbt en Ouganda, des officiers militaires Congolais et ceux de son [&hellip;]<\/p>\n","protected":false},"author":8,"featured_media":0,"comment_status":"open","ping_status":"closed","sticky":false,"template":"","format":"standard","meta":{"footnotes":""},"categories":[7,8],"tags":[],"class_list":["post-9661","post","type-post","status-publish","format-standard","hentry","category-politique","category-societe"],"_links":{"self":[{"href":"https:\/\/congokin.blog\/index.php?rest_route=\/wp\/v2\/posts\/9661","targetHints":{"allow":["GET"]}}],"collection":[{"href":"https:\/\/congokin.blog\/index.php?rest_route=\/wp\/v2\/posts"}],"about":[{"href":"https:\/\/congokin.blog\/index.php?rest_route=\/wp\/v2\/types\/post"}],"author":[{"embeddable":true,"href":"https:\/\/congokin.blog\/index.php?rest_route=\/wp\/v2\/users\/8"}],"replies":[{"embeddable":true,"href":"https:\/\/congokin.blog\/index.php?rest_route=%2Fwp%2Fv2%2Fcomments&post=9661"}],"version-history":[{"count":2,"href":"https:\/\/congokin.blog\/index.php?rest_route=\/wp\/v2\/posts\/9661\/revisions"}],"predecessor-version":[{"id":9664,"href":"https:\/\/congokin.blog\/index.php?rest_route=\/wp\/v2\/posts\/9661\/revisions\/9664"}],"wp:attachment":[{"href":"https:\/\/congokin.blog\/index.php?rest_route=%2Fwp%2Fv2%2Fmedia&parent=9661"}],"wp:term":[{"taxonomy":"category","embeddable":true,"href":"https:\/\/congokin.blog\/index.php?rest_route=%2Fwp%2Fv2%2Fcategories&post=9661"},{"taxonomy":"post_tag","embeddable":true,"href":"https:\/\/congokin.blog\/index.php?rest_route=%2Fwp%2Fv2%2Ftags&post=9661"}],"curies":[{"name":"wp","href":"https:\/\/api.w.org\/{rel}","templated":true}]}}