{"id":9714,"date":"2022-08-18T17:59:45","date_gmt":"2022-08-18T17:59:45","guid":{"rendered":"https:\/\/congokin.blog\/?p=9714"},"modified":"2022-08-18T17:59:45","modified_gmt":"2022-08-18T17:59:45","slug":"affaire-beya-cia-colis-suspect-commissariat-prive-francois-beya-a-t-il-failli-a-sa-mission-%ef%bf%bc","status":"publish","type":"post","link":"https:\/\/congokin.blog\/?p=9714","title":{"rendered":"Affaire Beya: CIA, colis suspect, commissariat priv\u00e9\u2026 Fran\u00e7ois Beya a-t-il failli \u00e0 sa mission ?\ufffc"},"content":{"rendered":"\n<h1 class=\"wp-block-heading\">Exclusif \u2013 RDC : CIA, colis suspect, commissariat priv\u00e9\u2026 Fran\u00e7ois Beya a-t-il failli \u00e0 sa mission ?<\/h1>\n\n\n\n<h2 class=\"wp-block-heading\">\u00ab Affaire Beya : les dessous de la chute d\u2019un puissant \u00bb (2\/2). Incontournable \u00e0 Kinshasa, disposant d\u2019entr\u00e9es dans tous les palais de la r\u00e9gion, l\u2019ex-conseiller de F\u00e9lix Tshisekedi lui a-t-il dissimul\u00e9 des informations capitales ? Pendant trois mois, il a \u00e9t\u00e9 confront\u00e9 aux inspecteurs. Second volet de notre enqu\u00eate.&nbsp;&nbsp;<\/h2>\n\n\n\n<p><\/p>\n\n\n\n<p>18 ao\u00fbt 2022 \u00e0 18:30<\/p>\n\n\n\n<p>Par&nbsp;<em>Jeune Afrique<\/em><\/p>\n\n\n\n<p>Mis \u00e0 jour le 18 ao\u00fbt 2022 \u00e0 18:30<\/p>\n\n\n\n<figure class=\"wp-block-image\"><img decoding=\"async\" src=\"https:\/\/www.jeuneafrique.com\/cdn-cgi\/image\/q=80,f=auto,metadata=none,width=1256,height=628\/https:\/\/www.jeuneafrique.com\/medias\/2022\/08\/18\/beya222-1256x628-1660837119.jpg\" alt=\"\"\/><figcaption>Fran\u00e7ois Beya (g.) et F\u00e9lix Tshisekedi (d.). \u00a9 Montage JA<\/figcaption><\/figure>\n\n\n\n<p>Au fil des nombreuses auditions de&nbsp;<strong>Fran\u00e7ois Beya&nbsp;<\/strong>s\u2019est esquiss\u00e9 le portrait d\u2019un s\u00e9curocrate indispensable aussi bien \u00e0 Kinshasa que pour les services de renseignements \u00e9trangers. \u00ab&nbsp;Les documents que nous avons eus \u00e0 votre domicile ont r\u00e9v\u00e9l\u00e9 que vous avez \u00e9t\u00e9 d\u00e9sign\u00e9 membre de la CIA&nbsp;\u00bb, lui lance ainsi l\u2019un des enqu\u00eateurs. \u00ab&nbsp;Je ne suis pas membre de la CIA, mais il existe une collaboration entre services&nbsp;\u00bb, admet l\u2019int\u00e9ress\u00e9.\u00c0 LIRE<a href=\"https:\/\/www.jeuneafrique.com\/1369864\/politique\/rdc-francois-beya-revelations-sur-une-affaire-detat\/\">RDC : Fran\u00e7ois Beya, r\u00e9v\u00e9lations sur une affaire d\u2019\u00c9tat<\/a><\/p>\n\n\n\n<p>\u00ab&nbsp;Fantomas&nbsp;\u00bb est en effet un rouage essentiel de la collaboration entre les pays de la r\u00e9gion. Ce n\u2019est d\u2019ailleurs pas un hasard si, \u00e0 l\u2019issue de son arrestation, le 5 f\u00e9vrier,&nbsp;<a href=\"https:\/\/www.jeuneafrique.com\/1345992\/politique\/rdc-ces-chefs-detat-qui-se-mobilisent-pour-francois-beya\/\"><strong>Denis Sassou Nguesso, Faure Essozimna Gnassingb\u00e9<\/strong>&nbsp;ou encore<strong>&nbsp;Paul Kagame<\/strong>&nbsp;ont cherch\u00e9 \u00e0 s\u2019enqu\u00e9rir de sa situation.<\/a>&nbsp;Ces pr\u00e9sidents ont tous d\u00e9p\u00each\u00e9 des \u00e9missaires \u00e0 Kinshasa.<\/p>\n\n\n\n<p>Au Rwanda, l\u2019ex-conseiller en s\u00e9curit\u00e9 \u00e9tait un interlocuteur privil\u00e9gi\u00e9 du chef d\u2019\u00e9tat-major,&nbsp;<strong>Jean Bosco Kazura,<\/strong>&nbsp;du patron des renseignements,&nbsp;<strong>Joseph Nzabamwita,<\/strong>&nbsp;et du conseiller en s\u00e9curit\u00e9 de Paul Kagame,&nbsp;<strong>James Kabarebe.<\/strong>&nbsp;Mais ce sont plut\u00f4t les \u00e9changes entre ce dernier et<strong>&nbsp;Guy Vanda,<\/strong>&nbsp;secr\u00e9taire particulier de Beya, qui int\u00e9ressent les enqu\u00eateurs.<\/p>\n\n\n\n<h2 class=\"wp-block-heading\">L\u2019appel \u00e0 James Kabarebe<\/h2>\n\n\n\n<p>Ceux-ci ont interrog\u00e9 Guy Vanda sur l\u2019une de ses conversations, le 14 f\u00e9vrier 2022, avec James Kabarebe, ministre rwandais de la D\u00e9fense jusqu\u2019en 2018. Questionn\u00e9 sur la raison de cet appel, Vanda a expliqu\u00e9 qu\u2019il \u00e9tait convaincu de l\u2019implication de&nbsp;<a href=\"https:\/\/www.jeuneafrique.com\/mag\/847804\/politique\/rdc-fortunat-biselele-gardien-du-temple-et-des-secrets-de-la-republique\/\"><strong>Fortunat Biselele,<\/strong>&nbsp;conseiller priv\u00e9 de F\u00e9lix Tshisekedi,<\/a>&nbsp;dans l\u2019arrestation de Beya. Estimant Biselele proche de Kabarebe, il dit avoir joint ce dernier pour tenter d\u2019en savoir plus au sujet de l\u2019interpellation de son patron. \u00ab&nbsp;Il m\u2019a r\u00e9pondu qu\u2019il n\u2019en savait rien&nbsp;\u00bb.\u00c0 LIRE<a href=\"https:\/\/www.jeuneafrique.com\/1274095\/politique\/rdc-beya-biselele-nangaa-discrete-guerre-de-palais-dans-le-premier-cercle-de-tshisekedi\/\">RDC : Beya, Biselele, Nangaa\u2026 Discr\u00e8te guerre de palais dans le premier cercle de Tshisekedi<\/a><\/p>\n\n\n\n<p>De son c\u00f4t\u00e9, Beya a assur\u00e9 aux enqu\u00eateurs \u00eatre \u00e9tranger \u00e0 ces \u00e9changes, qui ont eu lieu plus d\u2019une semaine apr\u00e8s son arrestation. James Kabarebe, a-t-il ajout\u00e9, n\u2019est pas son interlocuteur \u00e0 Kigali. Les s\u00e9curocrates rwandais avaient pourtant fait de lui l\u2019un de leurs principaux relais au sein d\u2019un cabinet pr\u00e9sidentiel qui ne&nbsp;leur&nbsp;\u00e9tait pas totalement favorable.<\/p>\n\n\n\n<h2 class=\"wp-block-heading\">R\u00e9tention d\u2019informations<\/h2>\n\n\n\n<p>Fran\u00e7ois Beya, qui chapeautait tous les services s\u00e9curitaires de F\u00e9lix Tshisekedi, \u00e9tait donc celui par qui les informations sensibles remontaient. En a-t-il retenu certaines, comme le suspectent les enqu\u00eateurs ?&nbsp;<a href=\"https:\/\/www.jeuneafrique.com\/1350773\/politique\/rdc-francois-beya-juge-pour-complot-contre-felix-tshisekedi\/\">Des soup\u00e7ons de putsch en pr\u00e9paration<\/a>&nbsp;avec le concours de la Tanzanie et&nbsp;<a href=\"https:\/\/www.jeuneafrique.com\/1362427\/politique\/rdc-comment-joseph-kabila-envisage-la-presidentielle-de-2023\/\">de l\u2019ancien pr\u00e9sident<strong>&nbsp;Joseph Kabila<\/strong><\/a>&nbsp;le visent. Mais on le suspecte \u00e9galement d\u2019avoir cach\u00e9 au chef de l\u2019\u00c9tat certains des d\u00e9placements de son pr\u00e9d\u00e9cesseur.<\/p>\n\n\n\n<p>Le ra\u00efs se serait ainsi rendu \u00e0 Bukavu, \u00e0 une date qui n\u2019est pas pr\u00e9cis\u00e9e, et aurait \u00ab&nbsp;charg\u00e9 un \u00e9nergum\u00e8ne de sensibiliser la jeunesse \u00e0 se d\u00e9barrasser de M. Tshisekedi, qu\u2019il qualifie d\u2019imb\u00e9cile qu\u2019il a plac\u00e9 au sommet du pays alors qu\u2019il ne le m\u00e9rite pas&nbsp;\u00bb. \u00ab&nbsp;Depuis qu\u2019il a quitt\u00e9 ses fonctions, [Kabila] n\u2019est jamais all\u00e9 \u00e0 Bukavu&nbsp;\u00bb, r\u00e9torque Beya, qui rappelle au passage qu\u2019il supervisait avec le pr\u00e9sident tous les d\u00e9placements de son pr\u00e9d\u00e9cesseur.<\/p>\n\n\n\n<h2 class=\"wp-block-heading\">Drone et route impraticable<\/h2>\n\n\n\n<p>Plusieurs proches de F\u00e9lix Tshisekedi ont, dans les semaines qui ont suivi l\u2019arrestation de Fran\u00e7ois Beya, \u00e9voqu\u00e9 les \u00ab&nbsp;d\u00e9faillances&nbsp;\u00bb dont il se serait rendu coupable. Lesquelles ? Les enqu\u00eateurs ne le disent pas clairement. La majeure partie de la premi\u00e8re audition de Beya, le 28 f\u00e9vrier \u00e0 l\u2019Agence nationale de renseignements (ANR), a \u00e9t\u00e9 consacr\u00e9e \u00e0 la tourn\u00e9e effectu\u00e9e par le chef de l\u2019\u00c9tat dans le Grand Kasa\u00ef, en d\u00e9cembre dernier.\u00c0 LIRE<a href=\"https:\/\/www.jeuneafrique.com\/1288039\/politique\/rdc-au-grand-kasai-felix-tshisekedi-deja-en-campagne-pour-2023\/\">RDC : au Grand Kasa\u00ef, F\u00e9lix Tshisekedi d\u00e9j\u00e0 en campagne pour 2023<\/a><\/p>\n\n\n\n<p>La pr\u00e9sence, au sein de la d\u00e9l\u00e9gation pr\u00e9sidentielle, de plusieurs personnalit\u00e9s \u00e9trang\u00e8res, dont deux Libanais, pose question \u2013 l\u2019un \u00e9tait \u00e9quip\u00e9 d\u2019un drone appartenant \u00e0 Beya. L\u2019ancien \u00ab&nbsp;sp\u00e9cial&nbsp;\u00bb a pr\u00e9cis\u00e9 que l\u2019un des deux individus \u00e9tait m\u00e9canicien et s\u2019occupait de r\u00e9parer les v\u00e9hicules du chef de l\u2019\u00c9tat et que l\u2019autre \u00e9tait un ami de son propre fils.<\/p>\n\n\n\n<p>Le pr\u00e9sident se serait par ailleurs retrouv\u00e9 durant cinq heures sur la route de Kabinda sans aucun moyen de communication. Beya assure avoir inform\u00e9 en amont le chef de la maison militaire du pr\u00e9sident, le g\u00e9n\u00e9ral&nbsp;<strong>Franck Ntumba,<\/strong>&nbsp;de l\u2019impraticabilit\u00e9 du chemin et sugg\u00e9r\u00e9 que le chef de l\u2019\u00c9tat voyage en h\u00e9licopt\u00e8re, mais ce dernier \u00e9tait d\u00e9j\u00e0 parti lorsqu\u2019il a cherch\u00e9 \u00e0 le joindre.<\/p>\n\n\n\n<h2 class=\"wp-block-heading\">Tentative d\u2019assassinat<\/h2>\n\n\n\n<p>De par sa fonction, Beya \u00e9tait bien s\u00fbr en contact permanent avec les personnages cl\u00e9s de la sph\u00e8re militaire. Outre le g\u00e9n\u00e9ral Ntumba, il fut un interlocuteur r\u00e9gulier du commandant de la Garde r\u00e9publicaine, le g\u00e9n\u00e9ral&nbsp;<strong>Christian Tshiwewe,<\/strong>&nbsp;et du chef d\u2019\u00e9tat-major de l\u2019arm\u00e9e, le g\u00e9n\u00e9ral&nbsp;<strong>C\u00e9lestin Mbala.<\/strong><\/p>\n\n\n\n<p>\u00ab&nbsp;Ces derniers temps, il circule des bruits r\u00e9els sur l\u2019assassinat du chef de l\u2019\u00c9tat. En avez-vous fait rapport au chef de l\u2019\u00c9tat et quelles sont les dispositions que vous avez mises en place en vue de parer \u00e0 toutes ces menaces ?&nbsp;\u00bb, lui demande-t-on encore. \u00ab&nbsp;J\u2019en ai parl\u00e9 avec le g\u00e9n\u00e9ral Ntumba le jour de l\u2019\u00e9change des v\u0153ux. Il m\u2019a dit : \u201cPapa ne vous en faites pas, je contr\u00f4le la situation\u201d&nbsp;\u00bb, r\u00e9pond Beya, qui assure avoir abord\u00e9 le sujet avec le chef de la Garde r\u00e9publicaine, qui lui aurait lui aussi tenu un discours rassurant.<\/p>\n\n\n\n<h2 class=\"wp-block-heading\">AK47 et sous-commissariat priv\u00e9<\/h2>\n\n\n\n<p>Fran\u00e7ois Beya a-t-il us\u00e9 \u00e0 des fins personnelles de sa position privil\u00e9gi\u00e9e au sein des services de s\u00e9curit\u00e9 ? La justice militaire l\u2019accuse \u00ab&nbsp;d\u2019avoir, par quelque moyen que ce soit, incit\u00e9 un ou plusieurs militaires \u00e0 commettre des actes contraires au devoir ou \u00e0 la discipline&nbsp;\u00bb. Les juges sont intrigu\u00e9s par l\u2019existence d\u2019un sous-commissariat dans sa ferme priv\u00e9e, situ\u00e9e \u00e0 Mitendi, en p\u00e9riph\u00e9rie de Kinshasa.<\/p>\n\n\n\n<p>\u00ab&nbsp;Pour la petite histoire, \u00e0 cause de l\u2019ins\u00e9curit\u00e9 dans ce quartier, j\u2019avais demand\u00e9 aux responsables de la police d\u2019y installer des sous-commissariats qui, \u00e0 ce jour, sont au nombre de trois, explique-t-il le 8 avril, cette fois \u00e0 Makala. Ceux-ci assuraient la s\u00e9curit\u00e9 de la population mais aussi de la ferme, c\u2019est pourquoi je leur ai offert une petite collation et la possibilit\u00e9 de venir charger leurs t\u00e9l\u00e9phones chez moi. C\u2019est leur commandement qui les a dot\u00e9s en armes,&nbsp;vous&nbsp;pouvez facilement v\u00e9rifier si celles-ci sont r\u00e9pertori\u00e9es \u00e0 la police.&nbsp;\u00bb\u00c0 LIRE<a href=\"https:\/\/www.jeuneafrique.com\/1347001\/politique\/rdc-chez-les-tshisekedi-la-politique-en-famille\/\">RDC : chez les Tshisekedi, la politique en famille<\/a><\/p>\n\n\n\n<p>Selon une note de l\u2019officier de police judiciaire (OPJ) dat\u00e9e du 4 avril, il est notamment reproch\u00e9 \u00e0 la commissaire sup\u00e9rieure principale<strong>&nbsp;Lily Tambwe,<\/strong>&nbsp;co-accus\u00e9e de Beya, d\u2019y avoir affect\u00e9 des policiers \u00ab&nbsp;en violation de la consigne&nbsp;\u00bb interdisant ce type de d\u00e9tachement. Ce sous-commissariat \u00ab&nbsp;\u00e9chappait au commandement du commissariat de Mitendi, mais \u00e9tait sous celui de Lily Tambwe&nbsp;\u00bb.<\/p>\n\n\n\n<p>Beya a \u00e9t\u00e9 longuement interrog\u00e9 sur ses relations avec cette derni\u00e8re, qu\u2019il dit avoir rencontr\u00e9e apr\u00e8s l\u2019arriv\u00e9e de l\u2019Alliance des forces d\u00e9mocratiques pour la lib\u00e9ration du Congo (AFDL), la r\u00e9bellion de&nbsp;<strong>Laurent-D\u00e9sir\u00e9 Kabila.<\/strong>&nbsp;\u00ab&nbsp;Le colonel Lily a \u00e9t\u00e9 affect\u00e9e dans le coin o\u00f9 j\u2019ai ma ferme. J\u2019avais sollicit\u00e9 des gardes [\u2026]. Ces \u00e9l\u00e9ments rel\u00e8vent de son autorit\u00e9 et \u00e0 chaque fois que je m\u2019y rends, c\u2019est elle qui assure la fluidit\u00e9 de la route&nbsp;\u00bb, explique-t-il.<\/p>\n\n\n\n<blockquote class=\"wp-block-quote is-layout-flow wp-block-quote-is-layout-flow\"><p>JE NE CONNAIS RIEN DE L\u2019HISTOIRE DES ARMES AUXQUELLES VOUS FAITES ALLUSION<\/p><\/blockquote>\n\n\n\n<p>Les agents de l\u2019ANR ont effectu\u00e9 une fouille dans cette ferme. Toujours selon la note de l\u2019OPJ, \u00ab&nbsp;il est \u00e9tabli, \u00e0 l\u2019issue de la descente suivie de la perquisition effectu\u00e9e par l\u2019ANR [\u2026], que [Beya] a fait garder sept armes de type AK47&nbsp;\u00bb. Ces armes auraient \u00e9t\u00e9 \u00e9vacu\u00e9es de la ferme dans la nuit du 10 mars. \u00ab&nbsp;Je ne connais rien de l\u2019histoire des armes AK47 auxquelles vous faites allusion&nbsp;\u00bb, dit-il.<\/p>\n\n\n\n<p>On lui reproche \u00e9galement d\u2019avoir incit\u00e9 le colonel Tambwe \u00e0 participer aux entra\u00eenements de tir organis\u00e9s \u00e0 Kasangulu, au Kongo central, au profit des \u00e9l\u00e9ments de la police affect\u00e9s au Conseil national de s\u00e9curit\u00e9 (CNS), sans feuille de route ni autorisation de d\u00e9placement. \u00ab&nbsp;Si elle s\u2019est rendue l\u00e0-bas, c\u2019est parce qu\u2019elle est la cheffe des policiers plac\u00e9s dans les rayons de ma ferme.&nbsp;\u00bb<\/p>\n\n\n\n<h2 class=\"wp-block-heading\">Bottines, ceintures, gilet pare-balles\u2026<\/h2>\n\n\n\n<p>Enfin, les enqu\u00eateurs se sont interrog\u00e9s sur un myst\u00e9rieux colis adress\u00e9 au CNS, r\u00e9ceptionn\u00e9 en d\u00e9cembre 2020 par&nbsp;<a href=\"https:\/\/www.jeuneafrique.com\/1325600\/politique\/rdc-pourquoi-laffaire-beya-est-dans-limpasse\/\"><strong>David Cikapa<\/strong>, le directeur du protocole de Fran\u00e7ois Beya<\/a>&nbsp;et co-accus\u00e9 de ce dernier. Ce paquet intrigue la justice car il contient des effets militaires fournis par Morane Tactical, une soci\u00e9t\u00e9 bas\u00e9e en Belgique, dont trois tenues, une paire de bottines, deux ceintures, un gilet pare-balles, un casque ou encore un tee-shirt.<\/p>\n\n\n\n<p>Cikapa avait \u00e9t\u00e9 interrog\u00e9 \u00e0 ce sujet par le renseignement militaire d\u00e8s le 31 d\u00e9cembre 2020, puis d\u00e9tenu durant plusieurs semaines. Selon les enqu\u00eateurs, il aurait \u00e9t\u00e9 lib\u00e9r\u00e9 sur ordre de Fran\u00e7ois Beya, ce que celui-ci conteste. \u00ab&nbsp;J\u2019ai cherch\u00e9 \u00e0 conna\u00eetre la suite du dossier, quelques jours apr\u00e8s il a \u00e9t\u00e9 lib\u00e9r\u00e9, mais je n\u2019ai pas donn\u00e9 d\u2019ordre pour qu\u2019il le soit&nbsp;\u00bb, assure-t-il lors d\u2019une confrontation avec son ancien collaborateur, tout en disant n\u2019avoir pas cherch\u00e9 \u00e0 conna\u00eetre le contenu du colis.\u00c0 LIRE<a href=\"https:\/\/www.jeuneafrique.com\/1329789\/politique\/rdc-felix-tshisekedi-ou-la-solitude-du-pouvoir\/\">RDC : F\u00e9lix Tshisekedi ou la solitude du pouvoir<\/a><\/p>\n\n\n\n<p>Adress\u00e9 par un certain \u00ab&nbsp;Monsieur Antoine&nbsp;\u00bb, dont l\u2019identit\u00e9 ne fait l\u2019objet d\u2019aucune autre pr\u00e9cision, ce paquet aurait \u00e9t\u00e9 envoy\u00e9 au CNS \u00e0 la demande de Cikapa, qui dit avoir fait la connaissance de l\u2019exp\u00e9diteur par l\u2019interm\u00e9diaire de son fr\u00e8re. Toujours selon la note de l\u2019OPJ, les exp\u00e9diteurs \u00ab&nbsp;apparaissent comme des personnes fictives dont les noms sont cit\u00e9s dans le seul but de dissimuler l\u2019identit\u00e9 du vrai responsable qui a pass\u00e9 la commande et qui ne peut \u00eatre que Fran\u00e7ois Beya&nbsp;\u00bb.<\/p>\n\n\n\n<p>Cikapa a assur\u00e9 que le conseiller sp\u00e9cial n\u2019avait \u00ab&nbsp;rien \u00e0 voir avec avec cette affaire de tenues militaires&nbsp;\u00bb. Ce \u00e0 quoi ce dernier a r\u00e9pondu : \u00ab&nbsp;Je ne suis pas au courant et je d\u00e9plore qu\u2019il ait mis l\u2019adresse du Conseil national de s\u00e9curit\u00e9 plut\u00f4t que la sienne.&nbsp;\u00bb<\/p>\n\n\n\n<p>La date de la prochaine comparution de Fran\u00e7ois Beya devant la Haute cour militaire n\u2019a pas encore \u00e9t\u00e9 fix\u00e9e. Ayant b\u00e9n\u00e9fici\u00e9&nbsp;<a href=\"https:\/\/www.jeuneafrique.com\/1369616\/politique\/rdc-francois-beya-remis-en-liberte-provisoire\/\">d\u2019une mise en libert\u00e9 provisoire le 16 ao\u00fbt,<\/a>&nbsp;il devrait, sauf surprise, \u00eatre transf\u00e9r\u00e9 \u00e0 Paris pour des soins. Selon un document figurant dans le dossier d\u2019instruction, il \u00e9tait attendu dans la capitale fran\u00e7aise pour un contr\u00f4le m\u00e9dical en&nbsp;mars&nbsp;dernier.<\/p>\n<div style=\"text-align:center\" class=\"wps-pgfw-pdf-generate-icon__wrapper-frontend\">\n\t\t<a href=\"https:\/\/congokin.blog?action=genpdf&amp;id=9714\" class=\"pgfw-single-pdf-download-button\" ><img src=\"https:\/\/congokin.blog\/wp-content\/plugins\/pdf-generator-for-wp\/admin\/src\/images\/PDF_Tray.svg\" title=\"G\u00e9n\u00e9rer un PDF\" style=\"width:auto; height:45px;\"><\/a>\n\t\t<\/div>","protected":false},"excerpt":{"rendered":"<p>Exclusif \u2013 RDC : CIA, colis suspect, commissariat priv\u00e9\u2026 Fran\u00e7ois Beya a-t-il failli \u00e0 sa mission ? \u00ab Affaire Beya : les dessous de la chute d\u2019un puissant \u00bb (2\/2). Incontournable \u00e0 Kinshasa, disposant d\u2019entr\u00e9es dans tous les palais de la r\u00e9gion, l\u2019ex-conseiller de F\u00e9lix Tshisekedi lui a-t-il dissimul\u00e9 des informations capitales ? Pendant trois [&hellip;]<\/p>\n","protected":false},"author":9,"featured_media":0,"comment_status":"open","ping_status":"closed","sticky":false,"template":"","format":"standard","meta":{"footnotes":""},"categories":[1],"tags":[],"class_list":["post-9714","post","type-post","status-publish","format-standard","hentry","category-uncategorized"],"_links":{"self":[{"href":"https:\/\/congokin.blog\/index.php?rest_route=\/wp\/v2\/posts\/9714","targetHints":{"allow":["GET"]}}],"collection":[{"href":"https:\/\/congokin.blog\/index.php?rest_route=\/wp\/v2\/posts"}],"about":[{"href":"https:\/\/congokin.blog\/index.php?rest_route=\/wp\/v2\/types\/post"}],"author":[{"embeddable":true,"href":"https:\/\/congokin.blog\/index.php?rest_route=\/wp\/v2\/users\/9"}],"replies":[{"embeddable":true,"href":"https:\/\/congokin.blog\/index.php?rest_route=%2Fwp%2Fv2%2Fcomments&post=9714"}],"version-history":[{"count":1,"href":"https:\/\/congokin.blog\/index.php?rest_route=\/wp\/v2\/posts\/9714\/revisions"}],"predecessor-version":[{"id":9715,"href":"https:\/\/congokin.blog\/index.php?rest_route=\/wp\/v2\/posts\/9714\/revisions\/9715"}],"wp:attachment":[{"href":"https:\/\/congokin.blog\/index.php?rest_route=%2Fwp%2Fv2%2Fmedia&parent=9714"}],"wp:term":[{"taxonomy":"category","embeddable":true,"href":"https:\/\/congokin.blog\/index.php?rest_route=%2Fwp%2Fv2%2Fcategories&post=9714"},{"taxonomy":"post_tag","embeddable":true,"href":"https:\/\/congokin.blog\/index.php?rest_route=%2Fwp%2Fv2%2Ftags&post=9714"}],"curies":[{"name":"wp","href":"https:\/\/api.w.org\/{rel}","templated":true}]}}