{"id":9716,"date":"2022-08-18T18:04:36","date_gmt":"2022-08-18T18:04:36","guid":{"rendered":"https:\/\/congokin.blog\/?p=9716"},"modified":"2022-08-18T18:04:36","modified_gmt":"2022-08-18T18:04:36","slug":"sadc-la-congolaise-angele-makombo-prend-le-poste-de-secretaire-executif-adjoint","status":"publish","type":"post","link":"https:\/\/congokin.blog\/?p=9716","title":{"rendered":"SADC : la congolaise Ang\u00e8le Makombo prend le poste de secr\u00e9taire ex\u00e9cutif adjoint"},"content":{"rendered":"\n<h1 class=\"wp-block-heading\">SADC : la congolaise Ang\u00e8le Makombo prend le poste de secr\u00e9taire ex\u00e9cutif adjoint<\/h1>\n\n\n\n<p>18.08.2022,<\/p>\n\n\n\n<p><a href=\"https:\/\/www.mediacongo.net\/articles-actualite-0_.html\"><\/a><\/p>\n\n\n\n<figure class=\"wp-block-image\"><img decoding=\"async\" src=\"https:\/\/www.mediacongo.net\/cache\/makombo_angele_22_jpg_640_350_1.jpeg\" alt=\"-\"\/><\/figure>\n\n\n\n<p>Ang\u00e8le Makombo<\/p>\n\n\n\n<p>La voix de la RDC se fait entendre de plus en plus au sein des organismes sous-r\u00e9gionaux, r\u00e9gionaux, voire internationaux.<\/p>\n\n\n\n<p>La r\u00e9cente nouvelle est celle de l\u2019\u00e9lection de la congolaise Ang\u00e8le Makombo au poste de secr\u00e9taire ex\u00e9cutif adjoint de la Communaut\u00e9 de d\u00e9veloppement de l\u2019Afrique Australe (SADC).<\/p>\n\n\n\n<p>La c\u00e9r\u00e9monie de prestation de serment a eu lieu, le mercredi 17 ao\u00fbt, lors du 42\u00e8me sommet des chefs d\u2019\u00c9tat de la SADC. Et ce, en pr\u00e9sence de plusieurs chefs d\u2019\u00c9tat africains qui ont fait le d\u00e9placement de Kinshasa pour ces assises.<\/p>\n\n\n\n<p>La d\u00e9sormais secr\u00e9taire ex\u00e9cutive adjointe de la SADC, Ang\u00e8le Makombo, va travailler aux c\u00f4t\u00e9s du pr\u00e9sident F\u00e9lix Tshisekedi d\u00e9sign\u00e9 par ses pairs, pr\u00e9sident de cette organisation pour une p\u00e9riode d\u2019une ann\u00e9e.<\/p>\n\n\n\n<p>Ang\u00e8le Makombo, cette femme a un parcours \u00e9logieux. Elle est actuellement pr\u00e9sidente de la Ligue des D\u00e9mocrates Congolais (LIDEC) et f\u00fbt candidate \u00e0 la pr\u00e9sidentielle de 2018. Elle a servi pendant plusieurs ann\u00e9es dans les organismes des Nations-Unies.<\/p>\n\n\n\n<p>Rappelons que c\u2019est en date du samedi 13 ao\u00fbt 2022, \u00e0 Kinshasa, que le Conseil des ministres de la SADC a d\u00e9sign\u00e9 Ang\u00e8le Makombo N\u2019tumba, digne fille de la RDC, au poste de n\u00b02 de la SADC avec le titre de secr\u00e9taire ex\u00e9cutif adjoint.<\/p>\n\n\n\n<p>Fond\u00e9e en 1980, la Communaut\u00e9 de D\u00e9veloppement de l\u2019Afrique australe, ou Southern African Development Community (SADC), est un groupe r\u00e9gional de 16 pays africains. Il comprend l\u2019Afrique du Sud, l\u2019Angola, le Botswana, les Comores, le Lesotho, le Madagascar, le Malawi, le Maurice, le Mozambique, la Namibie, la RDC, les Seychelles, le Swaziland, la Tanzanie, la Zambie, le Zimbabwe, etc. Ses objectifs principaux consistent \u00e0 promouvoir le d\u00e9veloppement et la croissance \u00e9conomique, all\u00e9ger la pauvret\u00e9, promouvoir l\u2019int\u00e9gration r\u00e9gionale, la d\u00e9mocratie, la parit\u00e9 homme-femme au sein de ses pays membres.<\/p>\n\n\n\n<p><strong>Elys\u00e9e Mafu<br>Actu 30 \/ MCP, via mediacongo.net<\/strong><\/p>\n<div style=\"text-align:center\" class=\"wps-pgfw-pdf-generate-icon__wrapper-frontend\">\n\t\t<a href=\"https:\/\/congokin.blog?action=genpdf&amp;id=9716\" class=\"pgfw-single-pdf-download-button\" ><img src=\"https:\/\/congokin.blog\/wp-content\/plugins\/pdf-generator-for-wp\/admin\/src\/images\/PDF_Tray.svg\" title=\"G\u00e9n\u00e9rer un PDF\" style=\"width:auto; height:45px;\"><\/a>\n\t\t<\/div>","protected":false},"excerpt":{"rendered":"<p>SADC : la congolaise Ang\u00e8le Makombo prend le poste de secr\u00e9taire ex\u00e9cutif adjoint 18.08.2022, Ang\u00e8le Makombo La voix de la RDC se fait entendre de plus en plus au sein des organismes sous-r\u00e9gionaux, r\u00e9gionaux, voire internationaux. La r\u00e9cente nouvelle est celle de l\u2019\u00e9lection de la congolaise Ang\u00e8le Makombo au poste de secr\u00e9taire ex\u00e9cutif adjoint de [&hellip;]<\/p>\n","protected":false},"author":9,"featured_media":0,"comment_status":"open","ping_status":"closed","sticky":false,"template":"","format":"standard","meta":{"footnotes":""},"categories":[1],"tags":[],"class_list":["post-9716","post","type-post","status-publish","format-standard","hentry","category-uncategorized"],"_links":{"self":[{"href":"https:\/\/congokin.blog\/index.php?rest_route=\/wp\/v2\/posts\/9716","targetHints":{"allow":["GET"]}}],"collection":[{"href":"https:\/\/congokin.blog\/index.php?rest_route=\/wp\/v2\/posts"}],"about":[{"href":"https:\/\/congokin.blog\/index.php?rest_route=\/wp\/v2\/types\/post"}],"author":[{"embeddable":true,"href":"https:\/\/congokin.blog\/index.php?rest_route=\/wp\/v2\/users\/9"}],"replies":[{"embeddable":true,"href":"https:\/\/congokin.blog\/index.php?rest_route=%2Fwp%2Fv2%2Fcomments&post=9716"}],"version-history":[{"count":1,"href":"https:\/\/congokin.blog\/index.php?rest_route=\/wp\/v2\/posts\/9716\/revisions"}],"predecessor-version":[{"id":9717,"href":"https:\/\/congokin.blog\/index.php?rest_route=\/wp\/v2\/posts\/9716\/revisions\/9717"}],"wp:attachment":[{"href":"https:\/\/congokin.blog\/index.php?rest_route=%2Fwp%2Fv2%2Fmedia&parent=9716"}],"wp:term":[{"taxonomy":"category","embeddable":true,"href":"https:\/\/congokin.blog\/index.php?rest_route=%2Fwp%2Fv2%2Fcategories&post=9716"},{"taxonomy":"post_tag","embeddable":true,"href":"https:\/\/congokin.blog\/index.php?rest_route=%2Fwp%2Fv2%2Ftags&post=9716"}],"curies":[{"name":"wp","href":"https:\/\/api.w.org\/{rel}","templated":true}]}}