{"id":986,"date":"2018-05-26T14:47:47","date_gmt":"2018-05-26T14:47:47","guid":{"rendered":"https:\/\/congokin.media\/?p=986"},"modified":"2018-05-26T14:47:47","modified_gmt":"2018-05-26T14:47:47","slug":"986","status":"publish","type":"post","link":"https:\/\/congokin.blog\/?p=986","title":{"rendered":""},"content":{"rendered":"<header class=\"row narrow-header\">\n<div class=\"col-lg-10 c-black l-black offset-lg-1\">\n<div class=\"meta row align-items-center\">\n<div class=\"col-lg-6 actual-meta\">\n<div class=\"by-badge c-meta l-black  small d-flex align-items-center\"><span class=\"author\">By\u00a0La R\u00e9daction<\/span><span class=\"date ml-1\">\/ 25 mai 2018<\/span><\/div>\n<\/div>\n<div class=\"col-lg-6 share\"><\/div>\n<\/div>\n<hr class=\"mb-4 mt-1\" \/>\n<h1 class=\"title font-weight-bold mt-3 mb-0\">Plusieurs militants des mouvements citoyens arr\u00eat\u00e9s \u00e0 Kinshasa!<\/h1>\n<\/div>\n<\/header>\n<div class=\"post-container pt-4\">\n<div class=\"row pb-5\">\n<div class=\"col-lg-7 offset-lg-1\n          \"><\/p>\n<div class=\"lead c-meta mb-4 f-main\">\n<p>Une source signale \u00e0 Politico.cd l\u2019arrestation \u00e0 Kinshasa des militants\u00a0 membres des mouvements citoyens Biso Peuple, Eccha, Lucha, Lucov, Collectif\u2026<\/p>\n<\/div>\n<div class=\"mb-4\">\n<div class=\"featured-img\"><img loading=\"lazy\" decoding=\"async\" src=\"https:\/\/i2.wp.com\/www.politico.cd\/wp-content\/uploads\/2017\/11\/urgent-flash-politico.jpg?zoom=3&amp;fit=1024%2C683\" alt=\"Plusieurs militants des mouvements citoyens arr\u00eat\u00e9s \u00e0 Kinshasa!\" width=\"738\" height=\"492\" \/><\/div>\n<div class=\"img-caption f-main c-meta small text-right\"><\/div>\n<\/div>\n<div class=\"post-content l-1 lh-black mb-4 clearfix\">\n<p class=\" tm_nativeauto aBigClassNameToAvoidCollision2\"><span class=\"wpsdc-drop-cap\">U<\/span>ne source signale \u00e0 Politico.cd l\u2019arrestation \u00e0 Kinshasa des militants\u00a0 membres des mouvements citoyens Biso Peuple, Eccha, Lucha, Lucov, Collectif des jeunes pro changement, LASDH, Quatri\u00e8me Voie, Il est temps \u2026<\/p>\n<div><\/div>\n<div id=\"advideum-tm\">\n<div id=\"ads_w_inread\">\n<div id=\"ads_w_slot\">La sc\u00e8ne s\u2019est pass\u00e9e \u00e0 Limete sous le monument de Lumumba, vers 17h alors que ces militants manifestaient pour d\u00e9noncer les violations des droits humains en RDC en soulignant le meutre de l\u2019activiste Rossy Tshimanga et de la detention ill\u00e9gale des activistes du mouvement citoyen Filimbi.<\/div>\n<\/div>\n<\/div>\n<p>Kerima<\/p>\n<\/div>\n<\/div>\n<\/div>\n<\/div>\n<div style=\"text-align:center\" class=\"wps-pgfw-pdf-generate-icon__wrapper-frontend\">\n\t\t<a href=\"https:\/\/congokin.blog?action=genpdf&amp;id=986\" class=\"pgfw-single-pdf-download-button\" ><img src=\"https:\/\/congokin.blog\/wp-content\/plugins\/pdf-generator-for-wp\/admin\/src\/images\/PDF_Tray.svg\" title=\"G\u00e9n\u00e9rer un PDF\" style=\"width:auto; height:45px;\"><\/a>\n\t\t<\/div>","protected":false},"excerpt":{"rendered":"<p>By\u00a0La R\u00e9daction\/ 25 mai 2018 Plusieurs militants des mouvements citoyens arr\u00eat\u00e9s \u00e0 Kinshasa! Une source signale \u00e0 Politico.cd l\u2019arrestation \u00e0 Kinshasa des militants\u00a0 membres des mouvements citoyens Biso Peuple, Eccha, Lucha, Lucov, Collectif\u2026 Une source signale \u00e0 Politico.cd l\u2019arrestation \u00e0 Kinshasa des militants\u00a0 membres des mouvements citoyens Biso Peuple, Eccha, Lucha, Lucov, Collectif des jeunes [&hellip;]<\/p>\n","protected":false},"author":4,"featured_media":0,"comment_status":"open","ping_status":"closed","sticky":false,"template":"","format":"standard","meta":{"footnotes":""},"categories":[7],"tags":[],"class_list":["post-986","post","type-post","status-publish","format-standard","hentry","category-politique"],"_links":{"self":[{"href":"https:\/\/congokin.blog\/index.php?rest_route=\/wp\/v2\/posts\/986","targetHints":{"allow":["GET"]}}],"collection":[{"href":"https:\/\/congokin.blog\/index.php?rest_route=\/wp\/v2\/posts"}],"about":[{"href":"https:\/\/congokin.blog\/index.php?rest_route=\/wp\/v2\/types\/post"}],"author":[{"embeddable":true,"href":"https:\/\/congokin.blog\/index.php?rest_route=\/wp\/v2\/users\/4"}],"replies":[{"embeddable":true,"href":"https:\/\/congokin.blog\/index.php?rest_route=%2Fwp%2Fv2%2Fcomments&post=986"}],"version-history":[{"count":0,"href":"https:\/\/congokin.blog\/index.php?rest_route=\/wp\/v2\/posts\/986\/revisions"}],"wp:attachment":[{"href":"https:\/\/congokin.blog\/index.php?rest_route=%2Fwp%2Fv2%2Fmedia&parent=986"}],"wp:term":[{"taxonomy":"category","embeddable":true,"href":"https:\/\/congokin.blog\/index.php?rest_route=%2Fwp%2Fv2%2Fcategories&post=986"},{"taxonomy":"post_tag","embeddable":true,"href":"https:\/\/congokin.blog\/index.php?rest_route=%2Fwp%2Fv2%2Ftags&post=986"}],"curies":[{"name":"wp","href":"https:\/\/api.w.org\/{rel}","templated":true}]}}