{"id":990,"date":"2018-05-27T10:48:30","date_gmt":"2018-05-27T10:48:30","guid":{"rendered":"https:\/\/congokin.media\/?p=990"},"modified":"2018-05-27T10:48:30","modified_gmt":"2018-05-27T10:48:30","slug":"propos-de-macron-sur-la-rdc-kinshasa-convoque-les-ambassadeurs-de-france-du-rwanda-et-de-langola-pour-y-voir-clair","status":"publish","type":"post","link":"https:\/\/congokin.blog\/?p=990","title":{"rendered":"Propos de Macron sur la RDC : Kinshasa convoque les ambassadeurs de France, du Rwanda et de l\u2019Angola pour y voir clair"},"content":{"rendered":"<div class=\"entry-meta\"><time class=\"entry-date updated\" datetime=\"2018-05-26T15:49:48+00:00\">26 MAI 2018<\/time><\/div>\n<h1 class=\"entry-title\">Propos de Macron sur la RDC : Kinshasa convoque les ambassadeurs de France, du Rwanda et de l\u2019Angola pour y voir clair<\/h1>\n<div class=\"entry-content\">\n<p>Le gouvernement Rd congolais n\u2019entend nullement passer sous silence les propos du pr\u00e9sident fran\u00e7ais Emmanuel Macron tenus lors de la visite en France du pr\u00e9sident Rwandais, pr\u00e9sident en exercice de l\u2019Union Africaine, affirmant que la France s\u2019alignerait au sch\u00e9ma de sortie de crise en RDC que trace le Rwanda et l\u2019Angola.<\/p>\n<p>Ainsi, le gouvernement congolais tient \u00e0 tirer les choses au clair.<\/p>\n<p>Voil\u00e0 qui explique la convocation samedi 26 mai par le vice-Premier ministre et ministre des affaires \u00e9trang\u00e8res Rd congolais des ambassadeurs du Rwanda, de la France mais \u00e9galement de l\u2019Angola.<br \/>\n<img loading=\"lazy\" decoding=\"async\" class=\"aligncenter size-large wp-image-91645\" src=\"https:\/\/i0.wp.com\/7sur7.cd\/new\/wp-content\/uploads\/2018\/05\/IMG-20180526-WA0027.jpg?resize=750%2C500&amp;ssl=1\" sizes=\"auto, (max-width: 750px) 100vw, 750px\" srcset=\"https:\/\/i0.wp.com\/7sur7.cd\/new\/wp-content\/uploads\/2018\/05\/IMG-20180526-WA0027.jpg?resize=1024%2C683&amp;ssl=1 1024w, https:\/\/i0.wp.com\/7sur7.cd\/new\/wp-content\/uploads\/2018\/05\/IMG-20180526-WA0027.jpg?resize=300%2C200&amp;ssl=1 300w, https:\/\/i0.wp.com\/7sur7.cd\/new\/wp-content\/uploads\/2018\/05\/IMG-20180526-WA0027.jpg?resize=768%2C512&amp;ssl=1 768w, https:\/\/i0.wp.com\/7sur7.cd\/new\/wp-content\/uploads\/2018\/05\/IMG-20180526-WA0027.jpg?w=1080&amp;ssl=1 1080w\" alt=\"\" width=\"750\" height=\"500\" data-attachment-id=\"91645\" data-permalink=\"https:\/\/7sur7.cd\/new\/propos-de-macron-sur-la-rdc-kinshasa-convoque-les-ambassadeurs-de-france-du-rwanda-et-de-langola-pour-y-voir-clair\/img-20180526-wa0027\/\" data-orig-file=\"https:\/\/i0.wp.com\/7sur7.cd\/new\/wp-content\/uploads\/2018\/05\/IMG-20180526-WA0027.jpg?fit=1080%2C720&amp;ssl=1\" data-orig-size=\"1080,720\" data-comments-opened=\"1\" data-image-meta=\"{&quot;aperture&quot;:&quot;0&quot;,&quot;credit&quot;:&quot;&quot;,&quot;camera&quot;:&quot;&quot;,&quot;caption&quot;:&quot;&quot;,&quot;created_timestamp&quot;:&quot;0&quot;,&quot;copyright&quot;:&quot;&quot;,&quot;focal_length&quot;:&quot;0&quot;,&quot;iso&quot;:&quot;0&quot;,&quot;shutter_speed&quot;:&quot;0&quot;,&quot;title&quot;:&quot;&quot;,&quot;orientation&quot;:&quot;0&quot;}\" data-image-title=\"IMG-20180526-WA0027\" data-image-description=\"\" data-medium-file=\"https:\/\/i0.wp.com\/7sur7.cd\/new\/wp-content\/uploads\/2018\/05\/IMG-20180526-WA0027.jpg?fit=300%2C200&amp;ssl=1\" data-large-file=\"https:\/\/i0.wp.com\/7sur7.cd\/new\/wp-content\/uploads\/2018\/05\/IMG-20180526-WA0027.jpg?fit=750%2C500&amp;ssl=1\" \/><\/p>\n<p>Il s\u2019agit des \u00e9changes de \u00a0\u00bb clarification \u00a0\u00bb et \u00a0\u00bb d\u2019explication\u00a0\u00bb, affirme -t \u2013 on des sources proches du minist\u00e8re des affaires \u00e9trang\u00e8res.<\/p>\n<p>En sommes, Kinshasa veut savoir, quelle est cette initiative parrain\u00e9e par Paris qui passerai par l\u2019axe Kigali \u2013 Luanda ?<br \/>\n<img loading=\"lazy\" decoding=\"async\" class=\"aligncenter size-large wp-image-91644\" src=\"https:\/\/i0.wp.com\/7sur7.cd\/new\/wp-content\/uploads\/2018\/05\/IMG-20180526-WA0028.jpg?resize=750%2C500&amp;ssl=1\" sizes=\"auto, (max-width: 750px) 100vw, 750px\" srcset=\"https:\/\/i0.wp.com\/7sur7.cd\/new\/wp-content\/uploads\/2018\/05\/IMG-20180526-WA0028.jpg?resize=1024%2C683&amp;ssl=1 1024w, https:\/\/i0.wp.com\/7sur7.cd\/new\/wp-content\/uploads\/2018\/05\/IMG-20180526-WA0028.jpg?resize=300%2C200&amp;ssl=1 300w, https:\/\/i0.wp.com\/7sur7.cd\/new\/wp-content\/uploads\/2018\/05\/IMG-20180526-WA0028.jpg?resize=768%2C512&amp;ssl=1 768w, https:\/\/i0.wp.com\/7sur7.cd\/new\/wp-content\/uploads\/2018\/05\/IMG-20180526-WA0028.jpg?w=1080&amp;ssl=1 1080w\" alt=\"\" width=\"750\" height=\"500\" data-attachment-id=\"91644\" data-permalink=\"https:\/\/7sur7.cd\/new\/propos-de-macron-sur-la-rdc-kinshasa-convoque-les-ambassadeurs-de-france-du-rwanda-et-de-langola-pour-y-voir-clair\/img-20180526-wa0028\/\" data-orig-file=\"https:\/\/i0.wp.com\/7sur7.cd\/new\/wp-content\/uploads\/2018\/05\/IMG-20180526-WA0028.jpg?fit=1080%2C720&amp;ssl=1\" data-orig-size=\"1080,720\" data-comments-opened=\"1\" data-image-meta=\"{&quot;aperture&quot;:&quot;0&quot;,&quot;credit&quot;:&quot;&quot;,&quot;camera&quot;:&quot;&quot;,&quot;caption&quot;:&quot;&quot;,&quot;created_timestamp&quot;:&quot;0&quot;,&quot;copyright&quot;:&quot;&quot;,&quot;focal_length&quot;:&quot;0&quot;,&quot;iso&quot;:&quot;0&quot;,&quot;shutter_speed&quot;:&quot;0&quot;,&quot;title&quot;:&quot;&quot;,&quot;orientation&quot;:&quot;0&quot;}\" data-image-title=\"IMG-20180526-WA0028\" data-image-description=\"\" data-medium-file=\"https:\/\/i0.wp.com\/7sur7.cd\/new\/wp-content\/uploads\/2018\/05\/IMG-20180526-WA0028.jpg?fit=300%2C200&amp;ssl=1\" data-large-file=\"https:\/\/i0.wp.com\/7sur7.cd\/new\/wp-content\/uploads\/2018\/05\/IMG-20180526-WA0028.jpg?fit=750%2C500&amp;ssl=1\" \/><\/p>\n<p>En convoquant les diplomates de France, du Rwanda et de l\u2019Angola, Kinshasa lance ainsi un message clair qui d\u00e9montre \u00e0 suffisance sa d\u00e9termination \u00e0 ne pas transiger sur sa souverainet\u00e9.<br \/>\nIl rappelle aux partenaires internationaux le respect scrupuleux du droit international que sont l\u2019\u00e9galit\u00e9 souveraine des Etats dans le concert des nations et la non-ing\u00e9rence ; insiste notre source sous couvert d\u2019anonymat.<\/p>\n<p>C\u2019est d\u2019ailleurs au nom de cette souverainet\u00e9 que le gouvernement congolais a lev\u00e9 l\u2019option de financer seul les \u00e9lections pr\u00e9vues le 23 d\u00e9cembre 2018.<\/p>\n<p>\u00c9lys\u00e9e Odia<\/p>\n<\/div>\n<div style=\"text-align:center\" class=\"wps-pgfw-pdf-generate-icon__wrapper-frontend\">\n\t\t<a href=\"https:\/\/congokin.blog?action=genpdf&amp;id=990\" class=\"pgfw-single-pdf-download-button\" ><img src=\"https:\/\/congokin.blog\/wp-content\/plugins\/pdf-generator-for-wp\/admin\/src\/images\/PDF_Tray.svg\" title=\"G\u00e9n\u00e9rer un PDF\" style=\"width:auto; height:45px;\"><\/a>\n\t\t<\/div>","protected":false},"excerpt":{"rendered":"<p>26 MAI 2018 Propos de Macron sur la RDC : Kinshasa convoque les ambassadeurs de France, du Rwanda et de l\u2019Angola pour y voir clair Le gouvernement Rd congolais n\u2019entend nullement passer sous silence les propos du pr\u00e9sident fran\u00e7ais Emmanuel Macron tenus lors de la visite en France du pr\u00e9sident Rwandais, pr\u00e9sident en exercice de [&hellip;]<\/p>\n","protected":false},"author":4,"featured_media":0,"comment_status":"open","ping_status":"closed","sticky":false,"template":"","format":"standard","meta":{"footnotes":""},"categories":[7,1],"tags":[],"class_list":["post-990","post","type-post","status-publish","format-standard","hentry","category-politique","category-uncategorized"],"_links":{"self":[{"href":"https:\/\/congokin.blog\/index.php?rest_route=\/wp\/v2\/posts\/990","targetHints":{"allow":["GET"]}}],"collection":[{"href":"https:\/\/congokin.blog\/index.php?rest_route=\/wp\/v2\/posts"}],"about":[{"href":"https:\/\/congokin.blog\/index.php?rest_route=\/wp\/v2\/types\/post"}],"author":[{"embeddable":true,"href":"https:\/\/congokin.blog\/index.php?rest_route=\/wp\/v2\/users\/4"}],"replies":[{"embeddable":true,"href":"https:\/\/congokin.blog\/index.php?rest_route=%2Fwp%2Fv2%2Fcomments&post=990"}],"version-history":[{"count":0,"href":"https:\/\/congokin.blog\/index.php?rest_route=\/wp\/v2\/posts\/990\/revisions"}],"wp:attachment":[{"href":"https:\/\/congokin.blog\/index.php?rest_route=%2Fwp%2Fv2%2Fmedia&parent=990"}],"wp:term":[{"taxonomy":"category","embeddable":true,"href":"https:\/\/congokin.blog\/index.php?rest_route=%2Fwp%2Fv2%2Fcategories&post=990"},{"taxonomy":"post_tag","embeddable":true,"href":"https:\/\/congokin.blog\/index.php?rest_route=%2Fwp%2Fv2%2Ftags&post=990"}],"curies":[{"name":"wp","href":"https:\/\/api.w.org\/{rel}","templated":true}]}}